{"id":4276,"date":"2024-06-28T20:30:00","date_gmt":"2024-06-28T23:30:00","guid":{"rendered":"https:\/\/franciscanas.org\/portal\/brasil\/?p=4276"},"modified":"2024-06-23T10:49:46","modified_gmt":"2024-06-23T13:49:46","slug":"solenidade-de-sao-pedro-e-dao-paulo","status":"publish","type":"post","link":"https:\/\/franciscanas.org\/portal\/brasil\/evangelho-do-domingo\/solenidade-de-sao-pedro-e-dao-paulo\/","title":{"rendered":"Solenidade de S\u00e3o Pedro e D\u00e3o Paulo"},"content":{"rendered":"\n<p class=\"has-vivid-red-color has-text-color has-link-color wp-elements-aec47d73140ffe31d2f2858ff6621185\"><strong>Evangelho de Jesus Cristo segundo Jo\u00e3o<\/strong> 21, 15 -17<\/p>\n\n\n\n<p>Naquele tempo,<br>15 Depois de terem comido, perguntou Jesus a Sim\u00e3o Pedro: \u201cSim\u00e3o, filho de Jo\u00e3o, tu me amas mais do que estes?\u201d Ele respondeu: \u201cSim, Senhor, tu sabes que te amo!\u201d Ele lhe disse: \u201cApascenta meus cordeiros<br>16 Perguntou-lhe de novo, uma segunda vez: \u201cSim\u00e3o, filho de Jo\u00e3o, tu me amas?\u201d Ele respondeu: \u201cSim, Senhor, tu sabes que te amo!\u201d Disse-lhe Jesus: \u201cApascenta minhas ovelhas\u201d.<br>17 Pela terceira vez perguntou-lhe Jesus: \u201cSim\u00e3o, filho de Jo\u00e3o, tu me amas?\u201d Entristeceu-se Pedro por ter ele perguntado pela terceira vez: \u2018Tu me amas?\u2019 e lhe disse: \u201cSenhor, tu sabes tudo; tu sabes que te amo!\u201d Disse-lhe Jesus: \u201cApascenta minhas ovelhas.<br>18 Na verdade, na verdade, te digo: quando eras jovem, cingias-te a ti mesmo e ias para onde querias; quando, por\u00e9m, fores velho, estender\u00e1s as m\u00e3os, e um outro te cingir\u00e1 e te levar\u00e1 para onde n\u00e3o queres\u201d.<br>19 Disse isto para indicar com que tipo de morte Pedro havia de glorificar a Deus. Quando acabou de falar, disse-lhe: \u201cSegue-me\u201d.<\/p>\n\n\n\n<p class=\"has-vivid-red-color has-text-color has-link-color wp-elements-3cc7a6e539ad9197ded83c6af347ecff\">Palavra da Salva\u00e7\u00e3o.<\/p>\n","protected":false},"excerpt":{"rendered":"<p>Evangelho de Jesus Cristo segundo Jo\u00e3o 21, 15 -17 Naquele tempo,15 Depois de terem comido, perguntou Jesus a Sim\u00e3o Pedro: \u201cSim\u00e3o, filho de Jo\u00e3o, tu me amas mais do que estes?\u201d Ele respondeu: \u201cSim, Senhor, tu sabes que te amo!\u201d Ele lhe disse: \u201cApascenta meus cordeiros16 Perguntou-lhe de novo, uma segunda vez: \u201cSim\u00e3o, filho de [&hellip;]<\/p>\n","protected":false},"author":1,"featured_media":4277,"comment_status":"closed","ping_status":"closed","sticky":false,"template":"","format":"standard","meta":{"_et_pb_use_builder":"off","_et_pb_old_content":"","_et_gb_content_width":"1200","footnotes":""},"categories":[106],"tags":[],"class_list":["post-4276","post","type-post","status-publish","format-standard","has-post-thumbnail","hentry","category-evangelho-do-domingo"],"_links":{"self":[{"href":"https:\/\/franciscanas.org\/portal\/brasil\/wp-json\/wp\/v2\/posts\/4276","targetHints":{"allow":["GET"]}}],"collection":[{"href":"https:\/\/franciscanas.org\/portal\/brasil\/wp-json\/wp\/v2\/posts"}],"about":[{"href":"https:\/\/franciscanas.org\/portal\/brasil\/wp-json\/wp\/v2\/types\/post"}],"author":[{"embeddable":true,"href":"https:\/\/franciscanas.org\/portal\/brasil\/wp-json\/wp\/v2\/users\/1"}],"replies":[{"embeddable":true,"href":"https:\/\/franciscanas.org\/portal\/brasil\/wp-json\/wp\/v2\/comments?post=4276"}],"version-history":[{"count":1,"href":"https:\/\/franciscanas.org\/portal\/brasil\/wp-json\/wp\/v2\/posts\/4276\/revisions"}],"predecessor-version":[{"id":4278,"href":"https:\/\/franciscanas.org\/portal\/brasil\/wp-json\/wp\/v2\/posts\/4276\/revisions\/4278"}],"wp:featuredmedia":[{"embeddable":true,"href":"https:\/\/franciscanas.org\/portal\/brasil\/wp-json\/wp\/v2\/media\/4277"}],"wp:attachment":[{"href":"https:\/\/franciscanas.org\/portal\/brasil\/wp-json\/wp\/v2\/media?parent=4276"}],"wp:term":[{"taxonomy":"category","embeddable":true,"href":"https:\/\/franciscanas.org\/portal\/brasil\/wp-json\/wp\/v2\/categories?post=4276"},{"taxonomy":"post_tag","embeddable":true,"href":"https:\/\/franciscanas.org\/portal\/brasil\/wp-json\/wp\/v2\/tags?post=4276"}],"curies":[{"name":"wp","href":"https:\/\/api.w.org\/{rel}","templated":true}]}}