{"id":4273,"date":"2024-06-21T20:30:00","date_gmt":"2024-06-21T23:30:00","guid":{"rendered":"https:\/\/franciscanas.org\/portal\/brasil\/?p=4273"},"modified":"2024-06-22T23:12:55","modified_gmt":"2024-06-23T02:12:55","slug":"12o-domingo-do-tempo-comum","status":"publish","type":"post","link":"https:\/\/franciscanas.org\/portal\/brasil\/evangelho-do-domingo\/12o-domingo-do-tempo-comum\/","title":{"rendered":"12\u00ba Domingo do Tempo Comum"},"content":{"rendered":"\n<p class=\"has-vivid-red-color has-text-color has-link-color wp-elements-6249cc8d778d81b99caf9d4ee00eac00\"><strong>Evangelho de Jesus Cristo segundo Marcos<\/strong> 4, 35-41<\/p>\n\n\n\n<p>35 Naquele dia, ao cair da tarde, Jesus disse a seus disc\u00edpulos: &#8216;Vamos para a outra margem!&#8217;<br>36 Eles despediram a multid\u00e3o e levaram Jesus consigo, assim como estava na barca. Havia ainda outras barcas com ele.<br>37 Come\u00e7ou a soprar uma ventania muito forte e as ondas se lan\u00e7avam dentro da barca, de modo que a barca j\u00e1 come\u00e7ava a se encher.<br>38 Jesus estava na parte de tr\u00e1s, dormindo sobre um travesseiro. Os disc\u00edpulos o acordaram e disseram: &#8216;Mestre, estamos perecendo e tu n\u00e3o te importas?&#8217;<br>39 Ele se levantou e ordenou ao vento e ao mar: &#8216;Sil\u00eancio! Cala-te!&#8217; O ventou cessou e houve uma grande calmaria.<br>40 Ent\u00e3o Jesus perguntou aos disc\u00edpulos: &#8216;Por que sois t\u00e3o medrosos? Ainda n\u00e3o tendes f\u00e9?&#8217;<br>41 Eles sentiram um grande medo e diziam uns aos outros: &#8216;Quem \u00e9 este, a quem at\u00e9 o vento e o mar obedecem?&#8217;<\/p>\n\n\n\n<p class=\"has-vivid-red-color has-text-color has-link-color wp-elements-3cc7a6e539ad9197ded83c6af347ecff\">Palavra da Salva\u00e7\u00e3o.<\/p>\n","protected":false},"excerpt":{"rendered":"<p>&#8216;Vamos para a outra margem!&#8217; Mc 4, 35<\/p>\n","protected":false},"author":1,"featured_media":4274,"comment_status":"closed","ping_status":"closed","sticky":false,"template":"","format":"standard","meta":{"_et_pb_use_builder":"off","_et_pb_old_content":"","_et_gb_content_width":"1200","footnotes":""},"categories":[106],"tags":[],"class_list":["post-4273","post","type-post","status-publish","format-standard","has-post-thumbnail","hentry","category-evangelho-do-domingo"],"_links":{"self":[{"href":"https:\/\/franciscanas.org\/portal\/brasil\/wp-json\/wp\/v2\/posts\/4273","targetHints":{"allow":["GET"]}}],"collection":[{"href":"https:\/\/franciscanas.org\/portal\/brasil\/wp-json\/wp\/v2\/posts"}],"about":[{"href":"https:\/\/franciscanas.org\/portal\/brasil\/wp-json\/wp\/v2\/types\/post"}],"author":[{"embeddable":true,"href":"https:\/\/franciscanas.org\/portal\/brasil\/wp-json\/wp\/v2\/users\/1"}],"replies":[{"embeddable":true,"href":"https:\/\/franciscanas.org\/portal\/brasil\/wp-json\/wp\/v2\/comments?post=4273"}],"version-history":[{"count":1,"href":"https:\/\/franciscanas.org\/portal\/brasil\/wp-json\/wp\/v2\/posts\/4273\/revisions"}],"predecessor-version":[{"id":4275,"href":"https:\/\/franciscanas.org\/portal\/brasil\/wp-json\/wp\/v2\/posts\/4273\/revisions\/4275"}],"wp:featuredmedia":[{"embeddable":true,"href":"https:\/\/franciscanas.org\/portal\/brasil\/wp-json\/wp\/v2\/media\/4274"}],"wp:attachment":[{"href":"https:\/\/franciscanas.org\/portal\/brasil\/wp-json\/wp\/v2\/media?parent=4273"}],"wp:term":[{"taxonomy":"category","embeddable":true,"href":"https:\/\/franciscanas.org\/portal\/brasil\/wp-json\/wp\/v2\/categories?post=4273"},{"taxonomy":"post_tag","embeddable":true,"href":"https:\/\/franciscanas.org\/portal\/brasil\/wp-json\/wp\/v2\/tags?post=4273"}],"curies":[{"name":"wp","href":"https:\/\/api.w.org\/{rel}","templated":true}]}}