{"id":4246,"date":"2024-06-07T20:30:00","date_gmt":"2024-06-07T23:30:00","guid":{"rendered":"https:\/\/franciscanas.org\/portal\/brasil\/?p=4246"},"modified":"2024-06-08T22:30:01","modified_gmt":"2024-06-09T01:30:01","slug":"10o-domingo-do-tempo-comum-2","status":"publish","type":"post","link":"https:\/\/franciscanas.org\/portal\/brasil\/evangelho-do-domingo\/10o-domingo-do-tempo-comum-2\/","title":{"rendered":"10\u00ba Domingo do Tempo Comum"},"content":{"rendered":"\n<p class=\"has-vivid-red-color has-text-color has-link-color wp-elements-84eef8558d94b44c8ebfce513fa1da4f\">Evangelho de Jesus Cristo segundo Marcos 3, 20-25<\/p>\n\n\n\n<p>Naquele tempo:<br>20 Em seguida voltou para casa. De novo acorreu uma multid\u00e3o tal que nem puderam tomar refei\u00e7\u00e3o.<br>21 Seus parentes, quando ouviram isso, foram para segur\u00e1-lo, pois corria o boato de que ele estava louco. O poder de expulsar dem\u00f4nios.<br>22 Mas os escribas, que tinham descido de Jerusal\u00e9m, diziam: \u201cEle est\u00e1 possesso de Belzebu\u201d; e tamb\u00e9m: \u201c\u00c9 pelo pr\u00edncipe dos dem\u00f4nios que ele expulsa os dem\u00f4nios\u201d.<br>23 Chamando-os ent\u00e3o para perto de si, Jesus falou-lhes em par\u00e1bolas: \u201cComo pode Satan\u00e1s expulsar Satan\u00e1s?<br>24 Se um reino est\u00e1 dividido contra si mesmo, esse reino n\u00e3o consegue subsistir;<br>25 e, se uma casa est\u00e1 dividida em grupos rivais, tal casa n\u00e3o poder\u00e1 ficar de p\u00e9.<br>26 Assim, se Satan\u00e1s levantou-se contra si mesmo e est\u00e1 dividido, n\u00e3o poder\u00e1 subsistir, e seu fim chegou.<br>27 Mas ningu\u00e9m pode entrar na casa de um homem forte para roubar seus bens, sem primeiro amarr\u00e1-lo. S\u00f3 ent\u00e3o poder\u00e1 saquear a casa dele.<br>28 Na verdade vos digo: tudo ser\u00e1 perdoado aos homens, os pecados e as blasf\u00eamias, quantas proferirem.<br>29 Mas quem blasfemar contra o Esp\u00edrito Santo nunca ter\u00e1 perd\u00e3o, mas \u00e9 r\u00e9u de um pecado eterno\u201d.<br>30 \u00c9 que eles estavam dizendo: \u201cEle est\u00e1 possesso de um esp\u00edrito impuro\u201d.<br>31 Nisso chegaram sua m\u00e3e e seus irm\u00e3os e, ficando do lado de fora, mandaram cham\u00e1-lo.<br>32 Uma multid\u00e3o estava sentada em volta dele e lhe disseram: \u201cTua m\u00e3e, teus irm\u00e3os e tuas irm\u00e3s, est\u00e3o l\u00e1 fora a tua procura\u201d.<br>33 Ele respondeu-lhes: \u201cQuem \u00e9 minha m\u00e3e e quem s\u00e3o meus irm\u00e3os?\u201d<br>34 E, passando os olhos pelos que estavam sentados a sua volta, disse: \u201cEis aqui minha m\u00e3e e meus irm\u00e3os.<br>35 Porque todo aquele que faz a vontade de Deus, esse \u00e9 para mim irm\u00e3o, irm\u00e3 e m\u00e3e\u201d.<\/p>\n\n\n\n<p class=\"has-vivid-red-color has-text-color has-link-color wp-elements-3cc7a6e539ad9197ded83c6af347ecff\">Palavra da Salva\u00e7\u00e3o.<\/p>\n\n\n\n<p><\/p>\n","protected":false},"excerpt":{"rendered":"<p>\u201cSe um reino est\u00e1 dividido contra si mesmo, esse reino n\u00e3o consegue subsistir\u201d (Mc 3, 24).<\/p>\n","protected":false},"author":1,"featured_media":4247,"comment_status":"closed","ping_status":"closed","sticky":false,"template":"","format":"standard","meta":{"_et_pb_use_builder":"off","_et_pb_old_content":"","_et_gb_content_width":"1200","footnotes":""},"categories":[106],"tags":[],"class_list":["post-4246","post","type-post","status-publish","format-standard","has-post-thumbnail","hentry","category-evangelho-do-domingo"],"_links":{"self":[{"href":"https:\/\/franciscanas.org\/portal\/brasil\/wp-json\/wp\/v2\/posts\/4246","targetHints":{"allow":["GET"]}}],"collection":[{"href":"https:\/\/franciscanas.org\/portal\/brasil\/wp-json\/wp\/v2\/posts"}],"about":[{"href":"https:\/\/franciscanas.org\/portal\/brasil\/wp-json\/wp\/v2\/types\/post"}],"author":[{"embeddable":true,"href":"https:\/\/franciscanas.org\/portal\/brasil\/wp-json\/wp\/v2\/users\/1"}],"replies":[{"embeddable":true,"href":"https:\/\/franciscanas.org\/portal\/brasil\/wp-json\/wp\/v2\/comments?post=4246"}],"version-history":[{"count":1,"href":"https:\/\/franciscanas.org\/portal\/brasil\/wp-json\/wp\/v2\/posts\/4246\/revisions"}],"predecessor-version":[{"id":4248,"href":"https:\/\/franciscanas.org\/portal\/brasil\/wp-json\/wp\/v2\/posts\/4246\/revisions\/4248"}],"wp:featuredmedia":[{"embeddable":true,"href":"https:\/\/franciscanas.org\/portal\/brasil\/wp-json\/wp\/v2\/media\/4247"}],"wp:attachment":[{"href":"https:\/\/franciscanas.org\/portal\/brasil\/wp-json\/wp\/v2\/media?parent=4246"}],"wp:term":[{"taxonomy":"category","embeddable":true,"href":"https:\/\/franciscanas.org\/portal\/brasil\/wp-json\/wp\/v2\/categories?post=4246"},{"taxonomy":"post_tag","embeddable":true,"href":"https:\/\/franciscanas.org\/portal\/brasil\/wp-json\/wp\/v2\/tags?post=4246"}],"curies":[{"name":"wp","href":"https:\/\/api.w.org\/{rel}","templated":true}]}}