{"id":4227,"date":"2024-05-31T20:30:00","date_gmt":"2024-05-31T23:30:00","guid":{"rendered":"https:\/\/franciscanas.org\/portal\/brasil\/?p=4227"},"modified":"2024-05-31T14:43:59","modified_gmt":"2024-05-31T17:43:59","slug":"9o-domingo-do-tempo-comum","status":"publish","type":"post","link":"https:\/\/franciscanas.org\/portal\/brasil\/evangelho-do-domingo\/9o-domingo-do-tempo-comum\/","title":{"rendered":"9\u00ba Domingo do Tempo Comum"},"content":{"rendered":"\n<p class=\"has-vivid-red-color has-text-color has-link-color wp-elements-ce4e1b0deaeebc4d7bee9ce3d670b790\"><strong>Evangelho de Jesus Cristo segundo Marcos<\/strong> 2, 23-3,6 ou 23-28<\/p>\n\n\n\n<p>23 Jesus estava passando por uns campos de trigo, em dia de s\u00e1bado. Seus disc\u00edpulos come\u00e7aram a arrancar espigas, enquanto caminhavam.<br>24 Ent\u00e3o os fariseus disseram a Jesus: &#8216;Olha! Por que eles fazem em dia de s\u00e1bado o que n\u00e3o \u00e9 permitido?&#8217;<br>25 Jesus lhes disse: &#8216;Por acaso, nunca lestes o que Davi e seus companheiros fizeram quando passaram necessidade e tiveram fome?<br>26 Como ele entrou na casa de Deus, no tempo em que Abiatar era sumo sacerdote, comeu os p\u00e3es oferecidos a Deus, e os deu tamb\u00e9m aos seus companheiros? No entanto, s\u00f3 aos sacerdotes \u00e9 permitido comer esses p\u00e3es&#8217;.<br>27 E acrescentou: &#8216;O s\u00e1bado foi feito para o homem, e n\u00e3o o homem para o s\u00e1bado.<br>28 Portanto, o Filho do Homem \u00e9 senhor tamb\u00e9m do s\u00e1bado&#8217;. 3,1 Jesus entrou de novo na sinagoga. Havia ali um homem com a m\u00e3o seca.<br>2 Alguns o observavam para ver se haveria de curar em dia de s\u00e1bado, para poderem acus\u00e1-lo.<br>3 Jesus disse ao homem da m\u00e3o seca: &#8216;Levanta-te e fica aqui no meio!&#8217;<br>4 E perguntou-lhes: &#8216;\u00c9 permitido no s\u00e1bado fazer o bem ou fazer o mal? Salvar uma vida ou deix\u00e1-la morrer?&#8217; Mas eles nada disseram.<br>5 Jesus, ent\u00e3o, olhou ao seu redor, cheio de ira e tristeza, porque eram duros de cora\u00e7\u00e3o; e disse ao homem: &#8216;Estende a m\u00e3o&#8217;. Ele a estendeu e a m\u00e3o ficou curada.<br>6 Ao sa\u00edrem, os fariseus com os partid\u00e1rios de Herodes, imediatamente tramaram, contra Jesus, a maneira como haveriam de mat\u00e1-lo.<\/p>\n\n\n\n<p class=\"has-vivid-red-color has-text-color has-link-color wp-elements-3cc7a6e539ad9197ded83c6af347ecff\">Palavra da Salva\u00e7\u00e3o.<\/p>\n\n\n\n<p><\/p>\n","protected":false},"excerpt":{"rendered":"<p>\u201cFilho do Homem \u00e9 senhor tamb\u00e9m do s\u00e1bado\u201d (Mc 2, 28).<\/p>\n","protected":false},"author":1,"featured_media":4228,"comment_status":"closed","ping_status":"closed","sticky":false,"template":"","format":"standard","meta":{"_et_pb_use_builder":"off","_et_pb_old_content":"","_et_gb_content_width":"1200","footnotes":""},"categories":[106],"tags":[],"class_list":["post-4227","post","type-post","status-publish","format-standard","has-post-thumbnail","hentry","category-evangelho-do-domingo"],"_links":{"self":[{"href":"https:\/\/franciscanas.org\/portal\/brasil\/wp-json\/wp\/v2\/posts\/4227","targetHints":{"allow":["GET"]}}],"collection":[{"href":"https:\/\/franciscanas.org\/portal\/brasil\/wp-json\/wp\/v2\/posts"}],"about":[{"href":"https:\/\/franciscanas.org\/portal\/brasil\/wp-json\/wp\/v2\/types\/post"}],"author":[{"embeddable":true,"href":"https:\/\/franciscanas.org\/portal\/brasil\/wp-json\/wp\/v2\/users\/1"}],"replies":[{"embeddable":true,"href":"https:\/\/franciscanas.org\/portal\/brasil\/wp-json\/wp\/v2\/comments?post=4227"}],"version-history":[{"count":1,"href":"https:\/\/franciscanas.org\/portal\/brasil\/wp-json\/wp\/v2\/posts\/4227\/revisions"}],"predecessor-version":[{"id":4229,"href":"https:\/\/franciscanas.org\/portal\/brasil\/wp-json\/wp\/v2\/posts\/4227\/revisions\/4229"}],"wp:featuredmedia":[{"embeddable":true,"href":"https:\/\/franciscanas.org\/portal\/brasil\/wp-json\/wp\/v2\/media\/4228"}],"wp:attachment":[{"href":"https:\/\/franciscanas.org\/portal\/brasil\/wp-json\/wp\/v2\/media?parent=4227"}],"wp:term":[{"taxonomy":"category","embeddable":true,"href":"https:\/\/franciscanas.org\/portal\/brasil\/wp-json\/wp\/v2\/categories?post=4227"},{"taxonomy":"post_tag","embeddable":true,"href":"https:\/\/franciscanas.org\/portal\/brasil\/wp-json\/wp\/v2\/tags?post=4227"}],"curies":[{"name":"wp","href":"https:\/\/api.w.org\/{rel}","templated":true}]}}