{"id":4213,"date":"2024-05-31T15:16:11","date_gmt":"2024-05-31T18:16:11","guid":{"rendered":"https:\/\/franciscanas.org\/portal\/brasil\/?p=4213"},"modified":"2024-05-21T17:35:20","modified_gmt":"2024-05-21T20:35:20","slug":"sonhos-de-pessoas-maduras","status":"publish","type":"post","link":"https:\/\/franciscanas.org\/portal\/brasil\/mensagens\/sonhos-de-pessoas-maduras\/","title":{"rendered":"Sonhos de pessoas maduras"},"content":{"rendered":"\n<p>Maduro n\u00e3o \u00e9 quem viveu o suficiente; \u00e9 quem tem viv\u00eancias, que&nbsp;podem n\u00e3o estar necessariamente ligadas \u00e0 idade. Tudo na vida \u00e9 encanto quando entramos na adolesc\u00eancia. Todos os sonhos s\u00e3o poss\u00edveis, tudo \u00e9 festa e o para\u00edso parece estar ao alcance das nossas m\u00e3os. Achamos que o primeiro amor vai durar para sempre, que vamos evoluir no trabalho, que as pessoas com as quais convivemos ser\u00e3o sempre sinceras e gentis.<\/p>\n\n\n\n<p>Um dia, nos vemos diante dos primeiros obst\u00e1culos: perdemos nosso amor, anoitece no para\u00edso,&nbsp; descobrimos que precisamos competir e trabalhar duro para chegar a algum lugar e que nem todas as pessoas deseja nosso bem. Nossos sonhos se quebram e adquirimos experi\u00eancias, nos tornamos adultos, amadurecemos. E d\u00f3i. D\u00f3i em n\u00f3s, no nosso ser, d\u00f3i a vida.<\/p>\n\n\n\n<p>Algumas pessoas desistem, se cansam com os desenganos e se deixam levar. Nunca crescem, nunca constroem nada. Desacreditam nos sonhos e no poder m\u00e1gico deles. Envelhecem prematuramente, tornam-se ranzinzas e mal-humoradas. O mundo est\u00e1 cheio de pessoas assim. Portanto, h\u00e1 pessoas maduras que ainda sonham. S\u00f3 que \u00e9 um sonho diferente.<\/p>\n\n\n\n<p>Os jovens sonham em construir, come\u00e7ar, conquistar. Elas sonham em reconstruir, recome\u00e7ar, reconquistar. Pessoas maduras sonham depois de terem vivido, depois de terem quebrado a cara, de terem tido decep\u00e7\u00f5es, ca\u00eddo em armadilhas e depois de terem enfrentado a dura realidade de que nem todos os sonhos se realizam. Mas elas sabem que ainda assim vale a pena sonhar. E elas sonham\u2026 conscientemente! Amam de novo, de novo e de novo!\u2026<\/p>\n\n\n\n<p>Caem e se levantam e recome\u00e7am cada vez que caem. Elas acreditam sempre que na pr\u00f3xima vez vai ser diferente. Prendem os sonhos nas m\u00e3os e n\u00e3o largam! Geralmente essas pessoas vivem mais tempo e o tempo que vivem \u00e9 bem melhor aproveitado. S\u00e3o idealistas e benditas! As pessoas maduras que ainda sonham s\u00e3o o sonho da vida, s\u00e3o a proje\u00e7\u00e3o dos melhores desejos de Deus aqui na terra.<\/p>\n\n\n\n<p><\/p>\n\n\n\n<p class=\"has-text-align-right\" style=\"font-size:14px\">Autoria: S\u00e9rgio S. Oliver<\/p>\n","protected":false},"excerpt":{"rendered":"<p>Maduro n\u00e3o \u00e9 quem viveu o suficiente; \u00e9 quem tem viv\u00eancias, que\u00a0podem n\u00e3o estar necessariamente ligadas \u00e0 idade.<\/p>\n","protected":false},"author":1,"featured_media":4220,"comment_status":"closed","ping_status":"closed","sticky":false,"template":"","format":"standard","meta":{"_et_pb_use_builder":"off","_et_pb_old_content":"","_et_gb_content_width":"1200","footnotes":""},"categories":[102],"tags":[],"class_list":["post-4213","post","type-post","status-publish","format-standard","has-post-thumbnail","hentry","category-mensagens"],"_links":{"self":[{"href":"https:\/\/franciscanas.org\/portal\/brasil\/wp-json\/wp\/v2\/posts\/4213","targetHints":{"allow":["GET"]}}],"collection":[{"href":"https:\/\/franciscanas.org\/portal\/brasil\/wp-json\/wp\/v2\/posts"}],"about":[{"href":"https:\/\/franciscanas.org\/portal\/brasil\/wp-json\/wp\/v2\/types\/post"}],"author":[{"embeddable":true,"href":"https:\/\/franciscanas.org\/portal\/brasil\/wp-json\/wp\/v2\/users\/1"}],"replies":[{"embeddable":true,"href":"https:\/\/franciscanas.org\/portal\/brasil\/wp-json\/wp\/v2\/comments?post=4213"}],"version-history":[{"count":2,"href":"https:\/\/franciscanas.org\/portal\/brasil\/wp-json\/wp\/v2\/posts\/4213\/revisions"}],"predecessor-version":[{"id":4221,"href":"https:\/\/franciscanas.org\/portal\/brasil\/wp-json\/wp\/v2\/posts\/4213\/revisions\/4221"}],"wp:featuredmedia":[{"embeddable":true,"href":"https:\/\/franciscanas.org\/portal\/brasil\/wp-json\/wp\/v2\/media\/4220"}],"wp:attachment":[{"href":"https:\/\/franciscanas.org\/portal\/brasil\/wp-json\/wp\/v2\/media?parent=4213"}],"wp:term":[{"taxonomy":"category","embeddable":true,"href":"https:\/\/franciscanas.org\/portal\/brasil\/wp-json\/wp\/v2\/categories?post=4213"},{"taxonomy":"post_tag","embeddable":true,"href":"https:\/\/franciscanas.org\/portal\/brasil\/wp-json\/wp\/v2\/tags?post=4213"}],"curies":[{"name":"wp","href":"https:\/\/api.w.org\/{rel}","templated":true}]}}