{"id":4180,"date":"2024-05-17T20:30:00","date_gmt":"2024-05-17T23:30:00","guid":{"rendered":"https:\/\/franciscanas.org\/portal\/brasil\/?p=4180"},"modified":"2024-05-21T13:59:06","modified_gmt":"2024-05-21T16:59:06","slug":"festa-de-pentecostes","status":"publish","type":"post","link":"https:\/\/franciscanas.org\/portal\/brasil\/evangelho-do-domingo\/festa-de-pentecostes\/","title":{"rendered":"Festa de Pentecostes"},"content":{"rendered":"\n<p class=\"has-vivid-red-color has-text-color has-link-color wp-elements-106a5bd3823e099dd5278391cefe7a47\"><strong>Evangelho de Jesus Cristo segundo Jo\u00e3o <\/strong>(20, 19-23)<\/p>\n\n\n\n<p>19 Ao anoitecer daquele dia, o primeiro da semana, estando fechadas, por medo dos judeus, as portas do lugar onde os disc\u00edpulos se encontravam, Jesus entrou e, pondo-se no meio deles, disse: &#8220;A paz esteja convosco&#8221;.<br>20 Depois dessas palavras, mostrou-lhes as m\u00e3os e o lado. Ent\u00e3o os disc\u00edpulos se alegraram por verem o Senhor.<br>21 Novamente, Jesus disse: &#8220;A paz esteja convosco. Como o Pai me enviou, tamb\u00e9m eu vos envio&#8221;.<br>22 E, depois de ter dito isso, soprou sobre eles e disse: &#8220;Recebei o Esp\u00edrito Santo.<br>23 A quem perdoardes os pecados, eles lhes ser\u00e3o perdoados; a quem n\u00e3o os perdoardes, eles lhes ser\u00e3o retidos&#8221;.<\/p>\n\n\n\n<p class=\"has-vivid-red-color has-text-color has-link-color wp-elements-3cc7a6e539ad9197ded83c6af347ecff\">Palavra da Salva\u00e7\u00e3o.<\/p>\n","protected":false},"excerpt":{"rendered":"<p>Os disc\u00edpulos se alegraram por verem o Senhor (Jo 20, 20).<\/p>\n","protected":false},"author":1,"featured_media":4181,"comment_status":"closed","ping_status":"closed","sticky":false,"template":"","format":"standard","meta":{"_et_pb_use_builder":"off","_et_pb_old_content":"","_et_gb_content_width":"1200","footnotes":""},"categories":[106],"tags":[],"class_list":["post-4180","post","type-post","status-publish","format-standard","has-post-thumbnail","hentry","category-evangelho-do-domingo"],"_links":{"self":[{"href":"https:\/\/franciscanas.org\/portal\/brasil\/wp-json\/wp\/v2\/posts\/4180","targetHints":{"allow":["GET"]}}],"collection":[{"href":"https:\/\/franciscanas.org\/portal\/brasil\/wp-json\/wp\/v2\/posts"}],"about":[{"href":"https:\/\/franciscanas.org\/portal\/brasil\/wp-json\/wp\/v2\/types\/post"}],"author":[{"embeddable":true,"href":"https:\/\/franciscanas.org\/portal\/brasil\/wp-json\/wp\/v2\/users\/1"}],"replies":[{"embeddable":true,"href":"https:\/\/franciscanas.org\/portal\/brasil\/wp-json\/wp\/v2\/comments?post=4180"}],"version-history":[{"count":1,"href":"https:\/\/franciscanas.org\/portal\/brasil\/wp-json\/wp\/v2\/posts\/4180\/revisions"}],"predecessor-version":[{"id":4182,"href":"https:\/\/franciscanas.org\/portal\/brasil\/wp-json\/wp\/v2\/posts\/4180\/revisions\/4182"}],"wp:featuredmedia":[{"embeddable":true,"href":"https:\/\/franciscanas.org\/portal\/brasil\/wp-json\/wp\/v2\/media\/4181"}],"wp:attachment":[{"href":"https:\/\/franciscanas.org\/portal\/brasil\/wp-json\/wp\/v2\/media?parent=4180"}],"wp:term":[{"taxonomy":"category","embeddable":true,"href":"https:\/\/franciscanas.org\/portal\/brasil\/wp-json\/wp\/v2\/categories?post=4180"},{"taxonomy":"post_tag","embeddable":true,"href":"https:\/\/franciscanas.org\/portal\/brasil\/wp-json\/wp\/v2\/tags?post=4180"}],"curies":[{"name":"wp","href":"https:\/\/api.w.org\/{rel}","templated":true}]}}