{"id":4157,"date":"2024-05-10T20:30:00","date_gmt":"2024-05-10T23:30:00","guid":{"rendered":"https:\/\/franciscanas.org\/portal\/brasil\/?p=4157"},"modified":"2024-05-11T16:28:41","modified_gmt":"2024-05-11T19:28:41","slug":"solenidade-da-ascensao-do-senhor","status":"publish","type":"post","link":"https:\/\/franciscanas.org\/portal\/brasil\/evangelho-do-domingo\/solenidade-da-ascensao-do-senhor\/","title":{"rendered":"Solenidade da Ascens\u00e3o do Senhor"},"content":{"rendered":"\n<p class=\"has-vivid-red-color has-text-color has-link-color wp-elements-9a658a391ad9730cb8c4696109669921\"><strong>Evangelho de Jesus Cristo segundo Marcos <\/strong>(16, 15-20)<\/p>\n\n\n\n<p>Naquele tempo: Jesus se manifestou aos onze disc\u00edpulos,<br>15 e disse-lhes: &#8216;Ide pelo mundo inteiro e anunciai o Evangelho a toda criatura!<br>16 Quem crer e for batizado ser\u00e1 salvo. Quem n\u00e3o crer ser\u00e1 condenado.<br>17 Os sinais que acompanhar\u00e3o aqueles que crerem ser\u00e3o estes: expulsar\u00e3o dem\u00f4nios em meu nome, falar\u00e3o novas l\u00ednguas;<br>18 se pegarem em serpentes ou beberem algum veneno mortal n\u00e3o lhes far\u00e1 mal algum; quando impuserem as m\u00e3os sobre os doentes, eles ficar\u00e3o curados&#8217;.<br>19 Depois de falar com os disc\u00edpulos, o Senhor Jesus foi levado ao c\u00e9u, e sentou-se \u00e0 direita de Deus.<br>20 Os disc\u00edpulos ent\u00e3o sa\u00edram e pregaram por toda parte. O Senhor os ajudava e confirmava sua palavra por meio dos sinais que a acompanhavam.<\/p>\n\n\n\n<p class=\"has-vivid-red-color has-text-color has-link-color wp-elements-3cc7a6e539ad9197ded83c6af347ecff\">Palavra da Salva\u00e7\u00e3o.<\/p>\n","protected":false},"excerpt":{"rendered":"<p>&#8216;Ide pelo mundo inteiro e anunciai o Evangelho a toda criatura\u2019!<br \/>\n(Mc 16, 15)<\/p>\n","protected":false},"author":1,"featured_media":4158,"comment_status":"closed","ping_status":"closed","sticky":false,"template":"","format":"standard","meta":{"_et_pb_use_builder":"off","_et_pb_old_content":"","_et_gb_content_width":"1200","footnotes":""},"categories":[106],"tags":[],"class_list":["post-4157","post","type-post","status-publish","format-standard","has-post-thumbnail","hentry","category-evangelho-do-domingo"],"_links":{"self":[{"href":"https:\/\/franciscanas.org\/portal\/brasil\/wp-json\/wp\/v2\/posts\/4157","targetHints":{"allow":["GET"]}}],"collection":[{"href":"https:\/\/franciscanas.org\/portal\/brasil\/wp-json\/wp\/v2\/posts"}],"about":[{"href":"https:\/\/franciscanas.org\/portal\/brasil\/wp-json\/wp\/v2\/types\/post"}],"author":[{"embeddable":true,"href":"https:\/\/franciscanas.org\/portal\/brasil\/wp-json\/wp\/v2\/users\/1"}],"replies":[{"embeddable":true,"href":"https:\/\/franciscanas.org\/portal\/brasil\/wp-json\/wp\/v2\/comments?post=4157"}],"version-history":[{"count":1,"href":"https:\/\/franciscanas.org\/portal\/brasil\/wp-json\/wp\/v2\/posts\/4157\/revisions"}],"predecessor-version":[{"id":4159,"href":"https:\/\/franciscanas.org\/portal\/brasil\/wp-json\/wp\/v2\/posts\/4157\/revisions\/4159"}],"wp:featuredmedia":[{"embeddable":true,"href":"https:\/\/franciscanas.org\/portal\/brasil\/wp-json\/wp\/v2\/media\/4158"}],"wp:attachment":[{"href":"https:\/\/franciscanas.org\/portal\/brasil\/wp-json\/wp\/v2\/media?parent=4157"}],"wp:term":[{"taxonomy":"category","embeddable":true,"href":"https:\/\/franciscanas.org\/portal\/brasil\/wp-json\/wp\/v2\/categories?post=4157"},{"taxonomy":"post_tag","embeddable":true,"href":"https:\/\/franciscanas.org\/portal\/brasil\/wp-json\/wp\/v2\/tags?post=4157"}],"curies":[{"name":"wp","href":"https:\/\/api.w.org\/{rel}","templated":true}]}}