{"id":4073,"date":"2024-04-26T20:36:00","date_gmt":"2024-04-26T23:36:00","guid":{"rendered":"https:\/\/franciscanas.org\/portal\/brasil\/?p=4073"},"modified":"2024-04-28T08:58:55","modified_gmt":"2024-04-28T11:58:55","slug":"5o-domingo-da-pascoa-2","status":"publish","type":"post","link":"https:\/\/franciscanas.org\/portal\/brasil\/evangelho-do-domingo\/5o-domingo-da-pascoa-2\/","title":{"rendered":"5\u00ba Domingo da P\u00e1scoa"},"content":{"rendered":"\n<p class=\"has-vivid-red-color has-text-color\"><strong>Evangelho de Jesus Cristo segundo Jo\u00e3o 15, 1-8<\/strong><\/p>\n\n\n\n<p>Naquele tempo, Jesus disse a seus disc\u00edpulos:<br>1 &#8216;Eu sou a videira verdadeira e meu Pai \u00e9 o agricultor.<br>2 Todo ramo que em mim n\u00e3o d\u00e1 fruto ele o corta; e todo ramo que d\u00e1 fruto, ele o limpa, para que d\u00ea mais fruto ainda.<br>3 V\u00f3s j\u00e1 estais limpos por causa da palavra que eu vos falei.<br>4 Permanecei em mim e eu permanecerei em v\u00f3s. Como o ramo n\u00e3o pode dar fruto por si mesmo, se n\u00e3o permanecer na videira, assim tamb\u00e9m v\u00f3s n\u00e3o podereis dar fruto, se n\u00e3o permanecerdes em mim.<br>5 Eu sou a videira e v\u00f3s os ramos. Aquele que permaneceu em mim, e eu nele, esse produz muito fruto; porque sem mim nada podeis fazer.<br>6 Quem n\u00e3o permanecer em mim, ser\u00e1 lan\u00e7ado fora como um ramo e secar\u00e1. Tais ramos s\u00e3o recolhidos, lan\u00e7ados no fogo e queimados.<br>7 Se permanecerdes em mim e minhas palavras permanecerem em v\u00f3s, pedi o que quiserdes e v\u00f3s ser\u00e1 dado.<br>8 Nisto meu Pai \u00e9 glorificado: que deis muito fruto e vos torneis meus disc\u00edpulos.<\/p>\n\n\n\n<p class=\"has-vivid-red-color has-text-color\">Palavra da Salva\u00e7\u00e3o.<\/p>\n","protected":false},"excerpt":{"rendered":"<p>V\u00f3s n\u00e3o podereis dar fruto, se n\u00e3o permanecerdes em mim (Jo 15, 4).<\/p>\n","protected":false},"author":1,"featured_media":4074,"comment_status":"closed","ping_status":"closed","sticky":false,"template":"","format":"standard","meta":{"_et_pb_use_builder":"off","_et_pb_old_content":"","_et_gb_content_width":"1200","footnotes":""},"categories":[106],"tags":[],"class_list":["post-4073","post","type-post","status-publish","format-standard","has-post-thumbnail","hentry","category-evangelho-do-domingo"],"_links":{"self":[{"href":"https:\/\/franciscanas.org\/portal\/brasil\/wp-json\/wp\/v2\/posts\/4073","targetHints":{"allow":["GET"]}}],"collection":[{"href":"https:\/\/franciscanas.org\/portal\/brasil\/wp-json\/wp\/v2\/posts"}],"about":[{"href":"https:\/\/franciscanas.org\/portal\/brasil\/wp-json\/wp\/v2\/types\/post"}],"author":[{"embeddable":true,"href":"https:\/\/franciscanas.org\/portal\/brasil\/wp-json\/wp\/v2\/users\/1"}],"replies":[{"embeddable":true,"href":"https:\/\/franciscanas.org\/portal\/brasil\/wp-json\/wp\/v2\/comments?post=4073"}],"version-history":[{"count":1,"href":"https:\/\/franciscanas.org\/portal\/brasil\/wp-json\/wp\/v2\/posts\/4073\/revisions"}],"predecessor-version":[{"id":4075,"href":"https:\/\/franciscanas.org\/portal\/brasil\/wp-json\/wp\/v2\/posts\/4073\/revisions\/4075"}],"wp:featuredmedia":[{"embeddable":true,"href":"https:\/\/franciscanas.org\/portal\/brasil\/wp-json\/wp\/v2\/media\/4074"}],"wp:attachment":[{"href":"https:\/\/franciscanas.org\/portal\/brasil\/wp-json\/wp\/v2\/media?parent=4073"}],"wp:term":[{"taxonomy":"category","embeddable":true,"href":"https:\/\/franciscanas.org\/portal\/brasil\/wp-json\/wp\/v2\/categories?post=4073"},{"taxonomy":"post_tag","embeddable":true,"href":"https:\/\/franciscanas.org\/portal\/brasil\/wp-json\/wp\/v2\/tags?post=4073"}],"curies":[{"name":"wp","href":"https:\/\/api.w.org\/{rel}","templated":true}]}}