{"id":3988,"date":"2024-04-19T20:30:00","date_gmt":"2024-04-19T23:30:00","guid":{"rendered":"https:\/\/franciscanas.org\/portal\/brasil\/?p=3988"},"modified":"2024-04-21T14:04:35","modified_gmt":"2024-04-21T17:04:35","slug":"4o-domingo-da-pascoa-2","status":"publish","type":"post","link":"https:\/\/franciscanas.org\/portal\/brasil\/evangelho-do-domingo\/4o-domingo-da-pascoa-2\/","title":{"rendered":"4\u00ba Domingo da P\u00e1scoa"},"content":{"rendered":"\n<p class=\"has-vivid-red-color has-text-color\"><strong>Evangelho de Jesus Cristo segundo Jo\u00e3o<\/strong> (10, 11-18)<\/p>\n\n\n\n<p>Naquele tempo, disse Jesus:<br>11 Eu sou o bom pastor. O bom pastor d\u00e1 a vida por suas ovelhas.<br>12 O mercen\u00e1rio, que n\u00e3o \u00e9 pastor e n\u00e3o \u00e9 dono das ovelhas, v\u00ea o lobo chegar, abandona as ovelhas e foge, e o lobo as ataca e dispersa. Pois ele \u00e9 apenas um mercen\u00e1rio e n\u00e3o se importa com as ovelhas.<br>14 Eu sou o bom pastor. Conhe\u00e7o as minhas ovelhas, e elas me conhecem,<br>15 assim como o Pai me conhece e eu conhe\u00e7o o Pai. Eu dou minha vida pelas ovelhas.<br>16 Tenho ainda outras ovelhas que n\u00e3o s\u00e3o deste edil: tamb\u00e9m a elas devo conduzir; escutar\u00e3o a minha voz, e haver\u00e1 um s\u00f3 rebanho e um s\u00f3 pastor.<br>17 \u00c9 por isso que o Pai me ama, porque dou a minha vida, para depois receb\u00ea-la novamente.<br>18 Ningu\u00e9m tira a minha vida, eu a dou por mim mesmo; tenho poder de entreg\u00e1-la e tenho poder de receb\u00ea-la novamente; esta \u00e9 a ordem que recebi do meu Pai&#8217;.<\/p>\n\n\n\n<p class=\"has-vivid-red-color has-text-color\"><strong>Palavra da Salva\u00e7\u00e3o<\/strong>.<\/p>\n","protected":false},"excerpt":{"rendered":"<p>\u00c9 por isso que o Pai me ama, porque dou a minha vida&#8230; Jo 10, 17<\/p>\n","protected":false},"author":1,"featured_media":4009,"comment_status":"closed","ping_status":"closed","sticky":false,"template":"","format":"standard","meta":{"_et_pb_use_builder":"off","_et_pb_old_content":"","_et_gb_content_width":"1200","footnotes":""},"categories":[106],"tags":[],"class_list":["post-3988","post","type-post","status-publish","format-standard","has-post-thumbnail","hentry","category-evangelho-do-domingo"],"_links":{"self":[{"href":"https:\/\/franciscanas.org\/portal\/brasil\/wp-json\/wp\/v2\/posts\/3988","targetHints":{"allow":["GET"]}}],"collection":[{"href":"https:\/\/franciscanas.org\/portal\/brasil\/wp-json\/wp\/v2\/posts"}],"about":[{"href":"https:\/\/franciscanas.org\/portal\/brasil\/wp-json\/wp\/v2\/types\/post"}],"author":[{"embeddable":true,"href":"https:\/\/franciscanas.org\/portal\/brasil\/wp-json\/wp\/v2\/users\/1"}],"replies":[{"embeddable":true,"href":"https:\/\/franciscanas.org\/portal\/brasil\/wp-json\/wp\/v2\/comments?post=3988"}],"version-history":[{"count":2,"href":"https:\/\/franciscanas.org\/portal\/brasil\/wp-json\/wp\/v2\/posts\/3988\/revisions"}],"predecessor-version":[{"id":4010,"href":"https:\/\/franciscanas.org\/portal\/brasil\/wp-json\/wp\/v2\/posts\/3988\/revisions\/4010"}],"wp:featuredmedia":[{"embeddable":true,"href":"https:\/\/franciscanas.org\/portal\/brasil\/wp-json\/wp\/v2\/media\/4009"}],"wp:attachment":[{"href":"https:\/\/franciscanas.org\/portal\/brasil\/wp-json\/wp\/v2\/media?parent=3988"}],"wp:term":[{"taxonomy":"category","embeddable":true,"href":"https:\/\/franciscanas.org\/portal\/brasil\/wp-json\/wp\/v2\/categories?post=3988"},{"taxonomy":"post_tag","embeddable":true,"href":"https:\/\/franciscanas.org\/portal\/brasil\/wp-json\/wp\/v2\/tags?post=3988"}],"curies":[{"name":"wp","href":"https:\/\/api.w.org\/{rel}","templated":true}]}}