{"id":3985,"date":"2024-04-12T20:30:00","date_gmt":"2024-04-12T23:30:00","guid":{"rendered":"https:\/\/franciscanas.org\/portal\/brasil\/?p=3985"},"modified":"2024-04-10T14:13:45","modified_gmt":"2024-04-10T17:13:45","slug":"3o-domingo-da-pascoa","status":"publish","type":"post","link":"https:\/\/franciscanas.org\/portal\/brasil\/evangelho-do-domingo\/3o-domingo-da-pascoa\/","title":{"rendered":"3\u00ba Domingo da P\u00e1scoa"},"content":{"rendered":"\n<p class=\"has-vivid-red-color has-text-color\"><strong>Evangelho de Jesus Cristo segundo Lucas<\/strong> (24,35-48)<\/p>\n\n\n\n<p>Naquele tempo,<br>35 Os dois disc\u00edpulos contaram o que tinha acontecido no caminho, e como tinham reconhecido Jesus ao partir o p\u00e3o.<br>36 Ainda estavam falando, quando o pr\u00f3prio Jesus apareceu no meio deles e lhes disse: &#8220;A paz esteja convosco!&#8221;<br>37 Eles ficaram assustados e cheios de medo, pensando que estavam vendo um fantasma.<br>38 Mas Jesus disse: &#8220;Por que estais preocupados, e porque tendes d\u00favidas no cora\u00e7\u00e3o?<br>39 Vede minhas m\u00e3os e meus p\u00e9s: sou eu mesmo! Tocai em mim e vede! Um fantasma n\u00e3o tem carne, nem ossos, como estais vendo que eu tenho&#8221;.<br>40 E dizendo isso, Jesus mostrou-lhes as m\u00e3os e os p\u00e9s.<br>41 Mas eles ainda n\u00e3o podiam acreditar, porque estavam muito alegres e surpresos. Ent\u00e3o Jesus disse: &#8220;Tendes aqui alguma coisa para comer?&#8221;<br>42 Deram-lhe um peda\u00e7o de peixe assado.<br>43 Ele o tomou e comeu diante deles.<br>44 Depois disse-lhes: &#8220;S\u00e3o estas as coisas que vos falei quando ainda estava convosco: era preciso que se cumprisse tudo o que est\u00e1 escrito sobre mim na Lei de Mois\u00e9s, nos Profetas e nos Salmos&#8221;.<br>45 Ent\u00e3o Jesus abriu a intelig\u00eancia dos disc\u00edpulos para entenderem as Escrituras,<br>46 e lhes disse: &#8220;Assim est\u00e1 escrito: &#8216;O Cristo sofrer\u00e1 e ressuscitar\u00e1 dos mortos ao terceiro dia,<br>47 e no seu nome, ser\u00e3o anunciados a convers\u00e3o e o perd\u00e3o dos pecados a todas as na\u00e7\u00f5es, come\u00e7ando por Jerusal\u00e9m&#8217;.<br>48 V\u00f3s sereis testemunhas de tudo isso&#8221;.<\/p>\n\n\n\n<p class=\"has-vivid-red-color has-text-color\">Palavra da Salva\u00e7\u00e3o.<\/p>\n\n\n\n<p><\/p>\n","protected":false},"excerpt":{"rendered":"<p>Vede minhas m\u00e3os e meus p\u00e9s: sou eu mesmo! (Lc 24, 39).<\/p>\n","protected":false},"author":1,"featured_media":3986,"comment_status":"closed","ping_status":"closed","sticky":false,"template":"","format":"standard","meta":{"_et_pb_use_builder":"off","_et_pb_old_content":"","_et_gb_content_width":"1200","footnotes":""},"categories":[106],"tags":[],"class_list":["post-3985","post","type-post","status-publish","format-standard","has-post-thumbnail","hentry","category-evangelho-do-domingo"],"_links":{"self":[{"href":"https:\/\/franciscanas.org\/portal\/brasil\/wp-json\/wp\/v2\/posts\/3985","targetHints":{"allow":["GET"]}}],"collection":[{"href":"https:\/\/franciscanas.org\/portal\/brasil\/wp-json\/wp\/v2\/posts"}],"about":[{"href":"https:\/\/franciscanas.org\/portal\/brasil\/wp-json\/wp\/v2\/types\/post"}],"author":[{"embeddable":true,"href":"https:\/\/franciscanas.org\/portal\/brasil\/wp-json\/wp\/v2\/users\/1"}],"replies":[{"embeddable":true,"href":"https:\/\/franciscanas.org\/portal\/brasil\/wp-json\/wp\/v2\/comments?post=3985"}],"version-history":[{"count":1,"href":"https:\/\/franciscanas.org\/portal\/brasil\/wp-json\/wp\/v2\/posts\/3985\/revisions"}],"predecessor-version":[{"id":3987,"href":"https:\/\/franciscanas.org\/portal\/brasil\/wp-json\/wp\/v2\/posts\/3985\/revisions\/3987"}],"wp:featuredmedia":[{"embeddable":true,"href":"https:\/\/franciscanas.org\/portal\/brasil\/wp-json\/wp\/v2\/media\/3986"}],"wp:attachment":[{"href":"https:\/\/franciscanas.org\/portal\/brasil\/wp-json\/wp\/v2\/media?parent=3985"}],"wp:term":[{"taxonomy":"category","embeddable":true,"href":"https:\/\/franciscanas.org\/portal\/brasil\/wp-json\/wp\/v2\/categories?post=3985"},{"taxonomy":"post_tag","embeddable":true,"href":"https:\/\/franciscanas.org\/portal\/brasil\/wp-json\/wp\/v2\/tags?post=3985"}],"curies":[{"name":"wp","href":"https:\/\/api.w.org\/{rel}","templated":true}]}}