{"id":3893,"date":"2024-03-29T20:30:00","date_gmt":"2024-03-29T23:30:00","guid":{"rendered":"https:\/\/franciscanas.org\/portal\/brasil\/?p=3893"},"modified":"2024-03-30T17:24:52","modified_gmt":"2024-03-30T20:24:52","slug":"ressurreicao-do-senhor","status":"publish","type":"post","link":"https:\/\/franciscanas.org\/portal\/brasil\/evangelho-do-domingo\/ressurreicao-do-senhor\/","title":{"rendered":"Ressurrei\u00e7\u00e3o do Senhor"},"content":{"rendered":"\n<p class=\"has-vivid-red-color has-text-color\"><strong>Evangelho de Jesus Cristo segundo Jo\u00e3o<\/strong> 20, 1-9<\/p>\n\n\n\n<p>1 No primeiro dia da semana, Maria Madalena foi ao t\u00famulo de Jesus, bem de madrugada, quando ainda estava escuro, e viu que a pedra tinha sido retirada do t\u00famulo.<br>2 Ent\u00e3o ela saiu correndo e foi encontrar Sim\u00e3o Pedro e o outro disc\u00edpulo, aquele que Jesus amava, e lhes disse: &#8220;Tiraram o Senhor do t\u00famulo e n\u00e3o sabemos onde o colocaram&#8221;.<br>3 Sa\u00edram, ent\u00e3o, Pedro e o outro disc\u00edpulo e foram ao t\u00famulo.<br>4 Os dois corriam juntos, mas o outro disc\u00edpulo correu mais depressa que Pedro e chegou primeiro ao t\u00famulo.<br>5 Olhando para dentro, viu as faixas de linho no ch\u00e3o, mas n\u00e3o entrou.<br>6 Chegou tamb\u00e9m Sim\u00e3o Pedro, que vinha correndo atr\u00e1s, e entrou no t\u00famulo. Viu as faixas de linho deitadas no ch\u00e3o<br>7 e o pano que tinha estado sobre a cabe\u00e7a de Jesus, n\u00e3o posto com as faixas, mas enrolado num lugar \u00e0 parte.<br>8 Ent\u00e3o entrou tamb\u00e9m o outro disc\u00edpulo, que tinha chegado primeiro ao t\u00famulo. Ele viu e acreditou.<br>9 De fato, eles ainda n\u00e3o tinham compreendido a Escritura, segundo a qual ele devia ressuscitar dos mortos.<\/p>\n\n\n\n<p class=\"has-vivid-red-color has-text-color\">Palavra da salva\u00e7\u00e3o.<\/p>\n","protected":false},"excerpt":{"rendered":"<p>&#8230;viu que a pedra tinha sido retirada do t\u00famulo.<br \/>\n(Jo 20,1)<\/p>\n","protected":false},"author":1,"featured_media":3972,"comment_status":"closed","ping_status":"closed","sticky":false,"template":"","format":"standard","meta":{"_et_pb_use_builder":"off","_et_pb_old_content":"","_et_gb_content_width":"1200","footnotes":""},"categories":[106],"tags":[],"class_list":["post-3893","post","type-post","status-publish","format-standard","has-post-thumbnail","hentry","category-evangelho-do-domingo"],"_links":{"self":[{"href":"https:\/\/franciscanas.org\/portal\/brasil\/wp-json\/wp\/v2\/posts\/3893","targetHints":{"allow":["GET"]}}],"collection":[{"href":"https:\/\/franciscanas.org\/portal\/brasil\/wp-json\/wp\/v2\/posts"}],"about":[{"href":"https:\/\/franciscanas.org\/portal\/brasil\/wp-json\/wp\/v2\/types\/post"}],"author":[{"embeddable":true,"href":"https:\/\/franciscanas.org\/portal\/brasil\/wp-json\/wp\/v2\/users\/1"}],"replies":[{"embeddable":true,"href":"https:\/\/franciscanas.org\/portal\/brasil\/wp-json\/wp\/v2\/comments?post=3893"}],"version-history":[{"count":1,"href":"https:\/\/franciscanas.org\/portal\/brasil\/wp-json\/wp\/v2\/posts\/3893\/revisions"}],"predecessor-version":[{"id":3894,"href":"https:\/\/franciscanas.org\/portal\/brasil\/wp-json\/wp\/v2\/posts\/3893\/revisions\/3894"}],"wp:featuredmedia":[{"embeddable":true,"href":"https:\/\/franciscanas.org\/portal\/brasil\/wp-json\/wp\/v2\/media\/3972"}],"wp:attachment":[{"href":"https:\/\/franciscanas.org\/portal\/brasil\/wp-json\/wp\/v2\/media?parent=3893"}],"wp:term":[{"taxonomy":"category","embeddable":true,"href":"https:\/\/franciscanas.org\/portal\/brasil\/wp-json\/wp\/v2\/categories?post=3893"},{"taxonomy":"post_tag","embeddable":true,"href":"https:\/\/franciscanas.org\/portal\/brasil\/wp-json\/wp\/v2\/tags?post=3893"}],"curies":[{"name":"wp","href":"https:\/\/api.w.org\/{rel}","templated":true}]}}