{"id":3885,"date":"2024-03-15T20:30:00","date_gmt":"2024-03-15T23:30:00","guid":{"rendered":"https:\/\/franciscanas.org\/portal\/brasil\/?p=3885"},"modified":"2024-03-12T21:36:55","modified_gmt":"2024-03-13T00:36:55","slug":"5o-domingo-da-quaresma-2","status":"publish","type":"post","link":"https:\/\/franciscanas.org\/portal\/brasil\/evangelho-do-domingo\/5o-domingo-da-quaresma-2\/","title":{"rendered":"5\u00ba Domingo da Quaresma"},"content":{"rendered":"\n<p class=\"has-vivid-red-color has-text-color\">Evangelho de Jesus Cristo segundo Jo\u00e3o 12,20-33<\/p>\n\n\n\n<p>Naquele tempo,<br>20 havia alguns gregos entre os que tinham subido a Jerusal\u00e9m para adorar durante a festa.<br>21 Aproximaram-se de Filipe, que era de Betsaida da Galileia, e disseram: &#8220;Senhor, gostar\u00edamos de ver Jesus&#8221;.<br>22 Filipe combinou com Andr\u00e9, e os dois foram falar com Jesus.<br>23 Jesus respondeu-lhes: &#8220;Chegou a hora em que o Filho do homem vai ser glorificado.<br>24 Em verdade, em verdade vos digo, se o gr\u00e3o de trigo que cai na terra n\u00e3o morre, ele continua s\u00f3 um gr\u00e3o de trigo; mas, se morre, ent\u00e3o produz muito fruto.<br>25 Quem se apega \u00e0 sua vida perde-a; mas quem faz pouca conta de sua vida neste mundo conserv\u00e1-lo-\u00e1 para a vida eterna.<br>26 Se algu\u00e9m me quer servir, siga-me, e onde eu estou estar\u00e1 tamb\u00e9m o meu servo. Se algu\u00e9m me serve, meu Pai o honrar\u00e1.<br>27 Agora, sinto-me angustiado. E que direi? &#8216;Pai, livra-me desta hora&#8217;? Mas foi precisamente para esta hora que eu vim.<br>28 Pai, glorifica o teu nome!&#8221; Ent\u00e3o, veio uma voz do c\u00e9u: &#8220;Eu o glorifiquei e o glorificarei de novo!&#8221;<br>29 A multid\u00e3o que a\u00ed estava e ouviu, dizia que tinha sido um trov\u00e3o. Outros afirmavam: &#8220;Foi um anjo que falou com ele&#8221;.<br>30 Jesus respondeu e disse: &#8220;Essa voz que ouvistes n\u00e3o foi por causa de mim, mas por causa de v\u00f3s. \u00c9 agora o julgamento deste mundo. Agora o chefe deste mundo vai ser expulso,<br>32 e eu, quando for elevado da terra, atrairei todos a mim&#8221;.<br>33 Jesus falava assim para indicar de que morte iria morrer.<\/p>\n\n\n\n<p class=\"has-vivid-red-color has-text-color\">Palavra da Salva\u00e7\u00e3o<\/p>\n","protected":false},"excerpt":{"rendered":"<p>\u201cChegou a hora em que o Filho do homem vai ser glorificado\u201d Jo 12, 23<\/p>\n","protected":false},"author":1,"featured_media":3904,"comment_status":"closed","ping_status":"closed","sticky":false,"template":"","format":"standard","meta":{"_et_pb_use_builder":"off","_et_pb_old_content":"","_et_gb_content_width":"1200","footnotes":""},"categories":[106],"tags":[],"class_list":["post-3885","post","type-post","status-publish","format-standard","has-post-thumbnail","hentry","category-evangelho-do-domingo"],"_links":{"self":[{"href":"https:\/\/franciscanas.org\/portal\/brasil\/wp-json\/wp\/v2\/posts\/3885","targetHints":{"allow":["GET"]}}],"collection":[{"href":"https:\/\/franciscanas.org\/portal\/brasil\/wp-json\/wp\/v2\/posts"}],"about":[{"href":"https:\/\/franciscanas.org\/portal\/brasil\/wp-json\/wp\/v2\/types\/post"}],"author":[{"embeddable":true,"href":"https:\/\/franciscanas.org\/portal\/brasil\/wp-json\/wp\/v2\/users\/1"}],"replies":[{"embeddable":true,"href":"https:\/\/franciscanas.org\/portal\/brasil\/wp-json\/wp\/v2\/comments?post=3885"}],"version-history":[{"count":1,"href":"https:\/\/franciscanas.org\/portal\/brasil\/wp-json\/wp\/v2\/posts\/3885\/revisions"}],"predecessor-version":[{"id":3886,"href":"https:\/\/franciscanas.org\/portal\/brasil\/wp-json\/wp\/v2\/posts\/3885\/revisions\/3886"}],"wp:featuredmedia":[{"embeddable":true,"href":"https:\/\/franciscanas.org\/portal\/brasil\/wp-json\/wp\/v2\/media\/3904"}],"wp:attachment":[{"href":"https:\/\/franciscanas.org\/portal\/brasil\/wp-json\/wp\/v2\/media?parent=3885"}],"wp:term":[{"taxonomy":"category","embeddable":true,"href":"https:\/\/franciscanas.org\/portal\/brasil\/wp-json\/wp\/v2\/categories?post=3885"},{"taxonomy":"post_tag","embeddable":true,"href":"https:\/\/franciscanas.org\/portal\/brasil\/wp-json\/wp\/v2\/tags?post=3885"}],"curies":[{"name":"wp","href":"https:\/\/api.w.org\/{rel}","templated":true}]}}