{"id":3882,"date":"2024-03-08T20:30:00","date_gmt":"2024-03-08T23:30:00","guid":{"rendered":"https:\/\/franciscanas.org\/portal\/brasil\/?p=3882"},"modified":"2024-03-06T23:00:57","modified_gmt":"2024-03-07T02:00:57","slug":"4o-domingo-da-quaresma-2","status":"publish","type":"post","link":"https:\/\/franciscanas.org\/portal\/brasil\/evangelho-do-domingo\/4o-domingo-da-quaresma-2\/","title":{"rendered":"4\u00ba Domingo da Quaresma"},"content":{"rendered":"\n<p class=\"has-vivid-red-color has-text-color\"><strong>Evangelho de Jesus Cristo segundo Jo\u00e3o<\/strong> 3,14-21<\/p>\n\n\n\n<p>Naquele tempo, disse Jesus a Nicodemos:<br>14 Do mesmo modo como Mois\u00e9s levantou a serpente no deserto, assim \u00e9 necess\u00e1rio que o Filho do Homem seja levantado,<br>15 para que todos os que nele crerem tenham a vida eterna.<br>16 Pois Deus amou tanto o mundo, que deu o seu Filho unig\u00eanito, para que n\u00e3o morra todo o que nele crer, mas tenha a vida eterna.<br>17 De fato, Deus n\u00e3o enviou o seu Filho ao mundo para condenar o mundo, mas para que o mundo seja salvo por ele.<br>18 Quem nele cr\u00ea, n\u00e3o \u00e9 condenado, mas, quem n\u00e3o cr\u00ea, j\u00e1 est\u00e1 condenado, porque n\u00e3o acreditou no nome do Filho unig\u00eanito.<br>19 Ora, o julgamento \u00e9 este: a luz veio ao mundo, mas os homens preferiram as trevas \u00e0 luz, porque suas a\u00e7\u00f5es eram m\u00e1s.<br>20 Quem pratica o mal odeia a luz e n\u00e3o se aproxima da luz, para que suas a\u00e7\u00f5es n\u00e3o sejam denunciadas.<br>21 Mas quem age conforme a verdade aproxima-se da luz, para que se manifeste que suas a\u00e7\u00f5es s\u00e3o realizadas em Deus.<\/p>\n\n\n\n<p class=\"has-vivid-red-color has-text-color\">Palavra da Salva\u00e7\u00e3o<\/p>\n","protected":false},"excerpt":{"rendered":"<p>Deus amou tanto o mundo, que deu o seu Filho unig\u00eanito (Jo 3,16)<\/p>\n","protected":false},"author":1,"featured_media":3883,"comment_status":"closed","ping_status":"closed","sticky":false,"template":"","format":"standard","meta":{"_et_pb_use_builder":"off","_et_pb_old_content":"","_et_gb_content_width":"1200","footnotes":""},"categories":[106],"tags":[],"class_list":["post-3882","post","type-post","status-publish","format-standard","has-post-thumbnail","hentry","category-evangelho-do-domingo"],"_links":{"self":[{"href":"https:\/\/franciscanas.org\/portal\/brasil\/wp-json\/wp\/v2\/posts\/3882","targetHints":{"allow":["GET"]}}],"collection":[{"href":"https:\/\/franciscanas.org\/portal\/brasil\/wp-json\/wp\/v2\/posts"}],"about":[{"href":"https:\/\/franciscanas.org\/portal\/brasil\/wp-json\/wp\/v2\/types\/post"}],"author":[{"embeddable":true,"href":"https:\/\/franciscanas.org\/portal\/brasil\/wp-json\/wp\/v2\/users\/1"}],"replies":[{"embeddable":true,"href":"https:\/\/franciscanas.org\/portal\/brasil\/wp-json\/wp\/v2\/comments?post=3882"}],"version-history":[{"count":1,"href":"https:\/\/franciscanas.org\/portal\/brasil\/wp-json\/wp\/v2\/posts\/3882\/revisions"}],"predecessor-version":[{"id":3884,"href":"https:\/\/franciscanas.org\/portal\/brasil\/wp-json\/wp\/v2\/posts\/3882\/revisions\/3884"}],"wp:featuredmedia":[{"embeddable":true,"href":"https:\/\/franciscanas.org\/portal\/brasil\/wp-json\/wp\/v2\/media\/3883"}],"wp:attachment":[{"href":"https:\/\/franciscanas.org\/portal\/brasil\/wp-json\/wp\/v2\/media?parent=3882"}],"wp:term":[{"taxonomy":"category","embeddable":true,"href":"https:\/\/franciscanas.org\/portal\/brasil\/wp-json\/wp\/v2\/categories?post=3882"},{"taxonomy":"post_tag","embeddable":true,"href":"https:\/\/franciscanas.org\/portal\/brasil\/wp-json\/wp\/v2\/tags?post=3882"}],"curies":[{"name":"wp","href":"https:\/\/api.w.org\/{rel}","templated":true}]}}