{"id":3872,"date":"2024-03-01T20:33:00","date_gmt":"2024-03-01T23:33:00","guid":{"rendered":"https:\/\/franciscanas.org\/portal\/brasil\/?p=3872"},"modified":"2024-03-02T22:36:49","modified_gmt":"2024-03-03T01:36:49","slug":"3o-domingo-da-quaresma-2","status":"publish","type":"post","link":"https:\/\/franciscanas.org\/portal\/brasil\/evangelho-do-domingo\/3o-domingo-da-quaresma-2\/","title":{"rendered":"3\u00ba Domingo da Quaresma"},"content":{"rendered":"\n<p class=\"has-vivid-red-color has-text-color\"><strong>Evangelho de Jesus Cristo segundo Jo\u00e3o<\/strong> <span style=\"mso-spacerun:'yes';font-family:'Arial Narrow';mso-fareast-font-family:SimSun;\nmso-bidi-font-family:'Times New Roman';font-weight:normal;font-size:10,0000pt;\">2, 13-25<\/span><\/p>\n\n\n\n<p>13 Estava pr\u00f3xima a P\u00e1scoa dos judeus e Jesus subiu a Jerusal\u00e9m.<br>14 No templo, encontrou os vendedores de bois, ovelhas e pombas e os cambistas que estavam a\u00ed sentados.<br>15 Fez ent\u00e3o um chicote de cordas e expulsou todos do templo, junto com as ovelhas e os bois; espalhou as moedas e derrubou as mesas dos cambistas.<br>16 E disse aos que vendiam pombas: &#8220;Tirai isso daqui! N\u00e3o fa\u00e7ais da casa de meu Pai uma casa de com\u00e9rcio!&#8221;<br>17 Seus disc\u00edpulos lembraram-se, mais tarde, que a Escritura diz: &#8220;O zelo por tua casa me consumir\u00e1&#8221;. 18 Ent\u00e3o os judeus perguntaram a Jesus: &#8220;Que sinal nos mostras para agir assim?&#8221;<br>19 Ele respondeu: &#8220;Destru\u00ed este templo, e em tr\u00eas dias eu o levantarei&#8221;.<br>20 Os judeus disseram: &#8220;Quarenta e seis anos foram precisos para a constru\u00e7\u00e3o deste santu\u00e1rio e tu o levantar\u00e1s em tr\u00eas dias?&#8221;<br>21 Mas Jesus estava falando do templo do seu corpo.<br>22 Quando Jesus ressuscitou, os disc\u00edpulos lembraram-se do que ele tinha dito e acreditaram na Escritura e na palavra dele.<br>23 Jesus estava em Jerusal\u00e9m durante a festa da P\u00e1scoa. Vendo os sinais que realizava, muitos creram no seu nome.<br>24 Mas Jesus n\u00e3o lhes dava cr\u00e9dito, pois ele conhecia a todos;<br>25 e n\u00e3o precisava do testemunho de ningu\u00e9m acerca do ser humano, porque ele conhecia o homem por dentro.<\/p>\n\n\n\n<p class=\"has-vivid-red-color has-text-color\">Palavra da Salva\u00e7\u00e3o.<\/p>\n","protected":false},"excerpt":{"rendered":"<p>&#8220;O zelo por tua casa me consumir\u00e1&#8221; (Jo 2, 17)<\/p>\n","protected":false},"author":1,"featured_media":3873,"comment_status":"closed","ping_status":"closed","sticky":false,"template":"","format":"standard","meta":{"_et_pb_use_builder":"off","_et_pb_old_content":"","_et_gb_content_width":"1200","footnotes":""},"categories":[106],"tags":[],"class_list":["post-3872","post","type-post","status-publish","format-standard","has-post-thumbnail","hentry","category-evangelho-do-domingo"],"_links":{"self":[{"href":"https:\/\/franciscanas.org\/portal\/brasil\/wp-json\/wp\/v2\/posts\/3872","targetHints":{"allow":["GET"]}}],"collection":[{"href":"https:\/\/franciscanas.org\/portal\/brasil\/wp-json\/wp\/v2\/posts"}],"about":[{"href":"https:\/\/franciscanas.org\/portal\/brasil\/wp-json\/wp\/v2\/types\/post"}],"author":[{"embeddable":true,"href":"https:\/\/franciscanas.org\/portal\/brasil\/wp-json\/wp\/v2\/users\/1"}],"replies":[{"embeddable":true,"href":"https:\/\/franciscanas.org\/portal\/brasil\/wp-json\/wp\/v2\/comments?post=3872"}],"version-history":[{"count":1,"href":"https:\/\/franciscanas.org\/portal\/brasil\/wp-json\/wp\/v2\/posts\/3872\/revisions"}],"predecessor-version":[{"id":3874,"href":"https:\/\/franciscanas.org\/portal\/brasil\/wp-json\/wp\/v2\/posts\/3872\/revisions\/3874"}],"wp:featuredmedia":[{"embeddable":true,"href":"https:\/\/franciscanas.org\/portal\/brasil\/wp-json\/wp\/v2\/media\/3873"}],"wp:attachment":[{"href":"https:\/\/franciscanas.org\/portal\/brasil\/wp-json\/wp\/v2\/media?parent=3872"}],"wp:term":[{"taxonomy":"category","embeddable":true,"href":"https:\/\/franciscanas.org\/portal\/brasil\/wp-json\/wp\/v2\/categories?post=3872"},{"taxonomy":"post_tag","embeddable":true,"href":"https:\/\/franciscanas.org\/portal\/brasil\/wp-json\/wp\/v2\/tags?post=3872"}],"curies":[{"name":"wp","href":"https:\/\/api.w.org\/{rel}","templated":true}]}}