{"id":3611,"date":"2024-02-23T00:30:00","date_gmt":"2024-02-23T03:30:00","guid":{"rendered":"https:\/\/franciscanas.org\/portal\/brasil\/?p=3611"},"modified":"2024-02-24T22:35:00","modified_gmt":"2024-02-25T01:35:00","slug":"2o-domingo-de-quaresma","status":"publish","type":"post","link":"https:\/\/franciscanas.org\/portal\/brasil\/evangelho-do-domingo\/2o-domingo-de-quaresma\/","title":{"rendered":"2\u00ba Domingo de Quaresma"},"content":{"rendered":"\n<p class=\"has-vivid-red-color has-text-color\"><strong>Evangelho de Marcos<\/strong> (9, 2-10)<\/p>\n\n\n\n<p>Naquele tempo,<br>2 Jesus tomou consigo Pedro, Tiago e Jo\u00e3o e os levou sozinhos a um lugar \u00e0 parte sobre uma alta montanha. E transfigurou-se diante deles.<br>3 Suas roupas ficaram brilhantes e t\u00e3o brancas como nenhuma lavadeira sobre a terra poderia alvejar.<br>4 Apareceram-lhe Elias e Mois\u00e9s, e estavam conversando com Jesus.<br>5 Ent\u00e3o Pedro tomou a palavra e disse a Jesus: &#8220;Mestre, \u00e9 bom ficarmos aqui. Vamos fazer tr\u00eas tendas: uma para ti, outra para Mois\u00e9s e outra para Elias&#8221;.<br>6 Pedro n\u00e3o sabia o que dizer, pois estavam todos com muito medo.<br>7 Ent\u00e3o desceu uma nuvem e os encobriu com sua sombra. E da nuvem saiu uma voz: &#8220;Este \u00e9 o meu Filho amado. Escutai o que ele diz!&#8221;<br>8 E, de repente, olhando em volta, n\u00e3o viram mais ningu\u00e9m, a n\u00e3o ser somente Jesus com eles.<br>9 Ao descerem da montanha, Jesus ordenou que n\u00e3o contassem a ningu\u00e9m o que tinham visto, at\u00e9 que o Filho do homem tivesse ressuscitado dos mortos.<br>10 Eles observaram essa ordem, mas comentavam entre si o que queria dizer &#8220;ressuscitar dos mortos&#8221;.<\/p>\n\n\n\n<p class=\"has-vivid-red-color has-text-color\">Palavra da Salva\u00e7\u00e3o.<\/p>\n","protected":false},"excerpt":{"rendered":"<p>\u201cE transfigurou-se diante deles\u201c (Mc 9, 2).<\/p>\n","protected":false},"author":1,"featured_media":3812,"comment_status":"closed","ping_status":"closed","sticky":false,"template":"","format":"standard","meta":{"_et_pb_use_builder":"off","_et_pb_old_content":"","_et_gb_content_width":"1200","footnotes":""},"categories":[106],"tags":[],"class_list":["post-3611","post","type-post","status-publish","format-standard","has-post-thumbnail","hentry","category-evangelho-do-domingo"],"_links":{"self":[{"href":"https:\/\/franciscanas.org\/portal\/brasil\/wp-json\/wp\/v2\/posts\/3611","targetHints":{"allow":["GET"]}}],"collection":[{"href":"https:\/\/franciscanas.org\/portal\/brasil\/wp-json\/wp\/v2\/posts"}],"about":[{"href":"https:\/\/franciscanas.org\/portal\/brasil\/wp-json\/wp\/v2\/types\/post"}],"author":[{"embeddable":true,"href":"https:\/\/franciscanas.org\/portal\/brasil\/wp-json\/wp\/v2\/users\/1"}],"replies":[{"embeddable":true,"href":"https:\/\/franciscanas.org\/portal\/brasil\/wp-json\/wp\/v2\/comments?post=3611"}],"version-history":[{"count":2,"href":"https:\/\/franciscanas.org\/portal\/brasil\/wp-json\/wp\/v2\/posts\/3611\/revisions"}],"predecessor-version":[{"id":3614,"href":"https:\/\/franciscanas.org\/portal\/brasil\/wp-json\/wp\/v2\/posts\/3611\/revisions\/3614"}],"wp:featuredmedia":[{"embeddable":true,"href":"https:\/\/franciscanas.org\/portal\/brasil\/wp-json\/wp\/v2\/media\/3812"}],"wp:attachment":[{"href":"https:\/\/franciscanas.org\/portal\/brasil\/wp-json\/wp\/v2\/media?parent=3611"}],"wp:term":[{"taxonomy":"category","embeddable":true,"href":"https:\/\/franciscanas.org\/portal\/brasil\/wp-json\/wp\/v2\/categories?post=3611"},{"taxonomy":"post_tag","embeddable":true,"href":"https:\/\/franciscanas.org\/portal\/brasil\/wp-json\/wp\/v2\/tags?post=3611"}],"curies":[{"name":"wp","href":"https:\/\/api.w.org\/{rel}","templated":true}]}}