{"id":3609,"date":"2024-02-16T20:30:00","date_gmt":"2024-02-16T23:30:00","guid":{"rendered":"https:\/\/franciscanas.org\/portal\/brasil\/?p=3609"},"modified":"2024-02-17T22:51:26","modified_gmt":"2024-02-18T01:51:26","slug":"1o-domingo-da-quaresma-2","status":"publish","type":"post","link":"https:\/\/franciscanas.org\/portal\/brasil\/evangelho-do-domingo\/1o-domingo-da-quaresma-2\/","title":{"rendered":"1\u00ba Domingo da Quaresma"},"content":{"rendered":"\n<p class=\"has-vivid-red-color has-text-color\"><strong>Evangelho de Marcos<\/strong> (1, 12-15)<\/p>\n\n\n\n<p>Naquele tempo,<br>12 o Esp\u00edrito levou Jesus para o deserto.<br>13 E ele ficou no deserto durante quarenta dias e a\u00ed foi tentado por satan\u00e1s. Vivia entre os animais selvagens, e os anjos o serviam.<br>14 Depois que Jo\u00e3o Batista foi preso, Jesus foi para a Galileia, pregando o evangelho de Deus e dizendo:<br>15 &#8220;O tempo j\u00e1 se completou e o reino de Deus est\u00e1 pr\u00f3ximo. Convertei-vos e crede no evangelho!&#8221;<\/p>\n\n\n\n<p class=\"has-vivid-red-color has-text-color\">Palavra da Salva\u00e7\u00e3o.<\/p>\n","protected":false},"excerpt":{"rendered":"<p>\u201cConvertei-vos e crede no Evangelho!&#8221; (Mc 1,15).<\/p>\n","protected":false},"author":1,"featured_media":3811,"comment_status":"closed","ping_status":"closed","sticky":false,"template":"","format":"standard","meta":{"_et_pb_use_builder":"off","_et_pb_old_content":"","_et_gb_content_width":"1200","footnotes":""},"categories":[106],"tags":[],"class_list":["post-3609","post","type-post","status-publish","format-standard","has-post-thumbnail","hentry","category-evangelho-do-domingo"],"_links":{"self":[{"href":"https:\/\/franciscanas.org\/portal\/brasil\/wp-json\/wp\/v2\/posts\/3609","targetHints":{"allow":["GET"]}}],"collection":[{"href":"https:\/\/franciscanas.org\/portal\/brasil\/wp-json\/wp\/v2\/posts"}],"about":[{"href":"https:\/\/franciscanas.org\/portal\/brasil\/wp-json\/wp\/v2\/types\/post"}],"author":[{"embeddable":true,"href":"https:\/\/franciscanas.org\/portal\/brasil\/wp-json\/wp\/v2\/users\/1"}],"replies":[{"embeddable":true,"href":"https:\/\/franciscanas.org\/portal\/brasil\/wp-json\/wp\/v2\/comments?post=3609"}],"version-history":[{"count":1,"href":"https:\/\/franciscanas.org\/portal\/brasil\/wp-json\/wp\/v2\/posts\/3609\/revisions"}],"predecessor-version":[{"id":3610,"href":"https:\/\/franciscanas.org\/portal\/brasil\/wp-json\/wp\/v2\/posts\/3609\/revisions\/3610"}],"wp:featuredmedia":[{"embeddable":true,"href":"https:\/\/franciscanas.org\/portal\/brasil\/wp-json\/wp\/v2\/media\/3811"}],"wp:attachment":[{"href":"https:\/\/franciscanas.org\/portal\/brasil\/wp-json\/wp\/v2\/media?parent=3609"}],"wp:term":[{"taxonomy":"category","embeddable":true,"href":"https:\/\/franciscanas.org\/portal\/brasil\/wp-json\/wp\/v2\/categories?post=3609"},{"taxonomy":"post_tag","embeddable":true,"href":"https:\/\/franciscanas.org\/portal\/brasil\/wp-json\/wp\/v2\/tags?post=3609"}],"curies":[{"name":"wp","href":"https:\/\/api.w.org\/{rel}","templated":true}]}}