{"id":3607,"date":"2024-02-09T20:30:00","date_gmt":"2024-02-09T23:30:00","guid":{"rendered":"https:\/\/franciscanas.org\/portal\/brasil\/?p=3607"},"modified":"2024-02-01T17:21:50","modified_gmt":"2024-02-01T20:21:50","slug":"6o-domingo-do-tempo-comum","status":"publish","type":"post","link":"https:\/\/franciscanas.org\/portal\/brasil\/evangelho-do-domingo\/6o-domingo-do-tempo-comum\/","title":{"rendered":"6\u00ba Domingo do Tempo Comum"},"content":{"rendered":"\n<p class=\"has-vivid-red-color has-text-color\"><strong>Evangelho de Marcos<\/strong> (1, 40-45)<\/p>\n\n\n\n<p>Naquele tempo,<br>40 um leproso chegou perto de Jesus e, de joelhos, pediu: &#8220;Se queres, tens o poder de curar-me&#8221;.<br>41 Jesus, cheio de compaix\u00e3o, estendeu a m\u00e3o, tocou nele e disse: &#8220;Eu quero: fica curado!&#8221;<br>42 No mesmo instante a lepra desapareceu e ele ficou curado.<br>43 Ent\u00e3o Jesus o mandou logo embora,<br>44 falando com firmeza: &#8220;N\u00e3o contes nada disso a ningu\u00e9m! Vai, mostra-te ao sacerdote e oferece, pela tua purifica\u00e7\u00e3o, o que Mois\u00e9s ordenou, como prova para eles!&#8221;<br>45 Ele foi e come\u00e7ou a contar e a divulgar muito o fato. Por isso Jesus n\u00e3o podia mais entrar publicamente numa cidade: ficava fora, em lugares desertos. E de toda parte vinham procur\u00e1-lo.<\/p>\n\n\n\n<p class=\"has-vivid-red-color has-text-color\">Palavra da Salva\u00e7\u00e3o.<\/p>\n","protected":false},"excerpt":{"rendered":"<p>&#8220;Eu quero: fica curado!&#8221; (Mc 1 ,41).<\/p>\n","protected":false},"author":1,"featured_media":3763,"comment_status":"closed","ping_status":"closed","sticky":false,"template":"","format":"standard","meta":{"_et_pb_use_builder":"off","_et_pb_old_content":"","_et_gb_content_width":"1200","footnotes":""},"categories":[106],"tags":[],"class_list":["post-3607","post","type-post","status-publish","format-standard","has-post-thumbnail","hentry","category-evangelho-do-domingo"],"_links":{"self":[{"href":"https:\/\/franciscanas.org\/portal\/brasil\/wp-json\/wp\/v2\/posts\/3607","targetHints":{"allow":["GET"]}}],"collection":[{"href":"https:\/\/franciscanas.org\/portal\/brasil\/wp-json\/wp\/v2\/posts"}],"about":[{"href":"https:\/\/franciscanas.org\/portal\/brasil\/wp-json\/wp\/v2\/types\/post"}],"author":[{"embeddable":true,"href":"https:\/\/franciscanas.org\/portal\/brasil\/wp-json\/wp\/v2\/users\/1"}],"replies":[{"embeddable":true,"href":"https:\/\/franciscanas.org\/portal\/brasil\/wp-json\/wp\/v2\/comments?post=3607"}],"version-history":[{"count":1,"href":"https:\/\/franciscanas.org\/portal\/brasil\/wp-json\/wp\/v2\/posts\/3607\/revisions"}],"predecessor-version":[{"id":3608,"href":"https:\/\/franciscanas.org\/portal\/brasil\/wp-json\/wp\/v2\/posts\/3607\/revisions\/3608"}],"wp:featuredmedia":[{"embeddable":true,"href":"https:\/\/franciscanas.org\/portal\/brasil\/wp-json\/wp\/v2\/media\/3763"}],"wp:attachment":[{"href":"https:\/\/franciscanas.org\/portal\/brasil\/wp-json\/wp\/v2\/media?parent=3607"}],"wp:term":[{"taxonomy":"category","embeddable":true,"href":"https:\/\/franciscanas.org\/portal\/brasil\/wp-json\/wp\/v2\/categories?post=3607"},{"taxonomy":"post_tag","embeddable":true,"href":"https:\/\/franciscanas.org\/portal\/brasil\/wp-json\/wp\/v2\/tags?post=3607"}],"curies":[{"name":"wp","href":"https:\/\/api.w.org\/{rel}","templated":true}]}}