{"id":3604,"date":"2024-02-02T20:20:00","date_gmt":"2024-02-02T23:20:00","guid":{"rendered":"https:\/\/franciscanas.org\/portal\/brasil\/?p=3604"},"modified":"2024-02-01T17:06:00","modified_gmt":"2024-02-01T20:06:00","slug":"5o-domingo-do-tempo-comum","status":"publish","type":"post","link":"https:\/\/franciscanas.org\/portal\/brasil\/evangelho-do-domingo\/5o-domingo-do-tempo-comum\/","title":{"rendered":"5\u00ba Domingo do Tempo Comum"},"content":{"rendered":"\n<p class=\"has-vivid-red-color has-text-color\"><strong>Evangelho de Mateus<\/strong> (1,29-39)<\/p>\n\n\n\n<p>Naquele tempo,<br>29 Jesus saiu da sinagoga e foi, com Tiago e Jo\u00e3o, para a casa de Sim\u00e3o e Andr\u00e9.<br>30 A sogra de Sim\u00e3o estava de cama, com febre, e eles logo contaram a Jesus.<br>31 E ele se aproximou, segurou sua m\u00e3o e ajudou-a a levantar-se. Ent\u00e3o, a febre desapareceu, e ela come\u00e7ou a servi-los.<br>32 \u00c0 tarde, depois do p\u00f4r do sol, levaram a Jesus todos os doentes e os possu\u00eddos pelo dem\u00f4nio.<br>33 A cidade inteira se reuniu em frente da casa.<br>34 Jesus curou muitas pessoas de diversas doen\u00e7as e expulsou muitos dem\u00f4nio. E n\u00e3o deixava que os dem\u00f4nio falassem, pois sabiam quem ele era.<br>35 De madrugada, quando ainda estava escuro, Jesus se levantou e foi rezar num lugar deserto.<br>36 Sim\u00e3o e seus companheiros foram \u00e0 procura de Jesus.<br>37 Quando o encontraram, disseram: &#8220;Todos est\u00e3o te procurando&#8221;.<br>38 Jesus respondeu: &#8220;Vamos a outros lugares, \u00e0s aldeias da redondeza! Devo pregar tamb\u00e9m ali, pois foi para isso que eu vim&#8221;.<br>39 E andava por toda a Galileia, pregando em suas sinagogas e expulsando os dem\u00f4nios.<\/p>\n\n\n\n<p class=\"has-vivid-red-color has-text-color\">Palavra da Salva\u00e7\u00e3o.<\/p>\n","protected":false},"excerpt":{"rendered":"<p>[Ele] n\u00e3o deixava que os dem\u00f4nio falassem&#8230; (Mc 1, 34).<\/p>\n","protected":false},"author":1,"featured_media":3762,"comment_status":"closed","ping_status":"closed","sticky":false,"template":"","format":"standard","meta":{"_et_pb_use_builder":"off","_et_pb_old_content":"","_et_gb_content_width":"1200","footnotes":""},"categories":[106],"tags":[],"class_list":["post-3604","post","type-post","status-publish","format-standard","has-post-thumbnail","hentry","category-evangelho-do-domingo"],"_links":{"self":[{"href":"https:\/\/franciscanas.org\/portal\/brasil\/wp-json\/wp\/v2\/posts\/3604","targetHints":{"allow":["GET"]}}],"collection":[{"href":"https:\/\/franciscanas.org\/portal\/brasil\/wp-json\/wp\/v2\/posts"}],"about":[{"href":"https:\/\/franciscanas.org\/portal\/brasil\/wp-json\/wp\/v2\/types\/post"}],"author":[{"embeddable":true,"href":"https:\/\/franciscanas.org\/portal\/brasil\/wp-json\/wp\/v2\/users\/1"}],"replies":[{"embeddable":true,"href":"https:\/\/franciscanas.org\/portal\/brasil\/wp-json\/wp\/v2\/comments?post=3604"}],"version-history":[{"count":2,"href":"https:\/\/franciscanas.org\/portal\/brasil\/wp-json\/wp\/v2\/posts\/3604\/revisions"}],"predecessor-version":[{"id":3606,"href":"https:\/\/franciscanas.org\/portal\/brasil\/wp-json\/wp\/v2\/posts\/3604\/revisions\/3606"}],"wp:featuredmedia":[{"embeddable":true,"href":"https:\/\/franciscanas.org\/portal\/brasil\/wp-json\/wp\/v2\/media\/3762"}],"wp:attachment":[{"href":"https:\/\/franciscanas.org\/portal\/brasil\/wp-json\/wp\/v2\/media?parent=3604"}],"wp:term":[{"taxonomy":"category","embeddable":true,"href":"https:\/\/franciscanas.org\/portal\/brasil\/wp-json\/wp\/v2\/categories?post=3604"},{"taxonomy":"post_tag","embeddable":true,"href":"https:\/\/franciscanas.org\/portal\/brasil\/wp-json\/wp\/v2\/tags?post=3604"}],"curies":[{"name":"wp","href":"https:\/\/api.w.org\/{rel}","templated":true}]}}