{"id":3602,"date":"2024-01-26T20:30:00","date_gmt":"2024-01-26T23:30:00","guid":{"rendered":"https:\/\/franciscanas.org\/portal\/brasil\/?p=3602"},"modified":"2024-01-23T22:34:33","modified_gmt":"2024-01-24T01:34:33","slug":"4o-domingo-do-tempo-comum","status":"publish","type":"post","link":"https:\/\/franciscanas.org\/portal\/brasil\/evangelho-do-domingo\/4o-domingo-do-tempo-comum\/","title":{"rendered":"4\u00ba Domingo do Tempo Comum"},"content":{"rendered":"\n<p class=\"has-vivid-red-color has-text-color\">Evangelho de Marcos (1, 21-28)<\/p>\n\n\n\n<p>21 Na cidade de Cafarnaum, num dia de s\u00e1bado, Jesus entrou na sinagoga e come\u00e7ou a ensinar.<br>22 Todos ficavam admirados com o seu ensinamento, pois ensinava como quem tem autoridade, n\u00e3o como os mestres da lei.<br>23 Estava ent\u00e3o na sinagoga um homem possu\u00eddo por um esp\u00edrito mau. Ele gritou: ]<br>24 &#8220;Que queres de n\u00f3s, Jesus nazareno? Vieste para nos destruir? Eu sei quem tu \u00e9s: tu \u00e9s o santo de Deus&#8221;.<br>25 Jesus o intimou: &#8220;Cala-te e sai dele!&#8221;<br>26 Ent\u00e3o o esp\u00edrito mau sacudiu o homem com viol\u00eancia, deu um grande grito e saiu.<br>27 E todos ficaram muito espantados e perguntavam uns aos outros: &#8220;O que \u00e9 isso? Um ensinamento novo, dado com autoridade: ele manda at\u00e9 nos esp\u00edritos maus, e eles obedecem!&#8221;<br>28 E a fama de Jesus logo se espalhou por toda parte, em toda a regi\u00e3o da Galileia.<\/p>\n\n\n\n<p class=\"has-vivid-red-color has-text-color\">Palavra da Salva\u00e7\u00e3o.<\/p>\n","protected":false},"excerpt":{"rendered":"<p>Todos ficavam admirados com o seu ensinamento, pois ensinava como quem tem autoridade&#8230; Mc 1, 22.<\/p>\n","protected":false},"author":1,"featured_media":3700,"comment_status":"closed","ping_status":"closed","sticky":false,"template":"","format":"standard","meta":{"_et_pb_use_builder":"off","_et_pb_old_content":"","_et_gb_content_width":"1200","footnotes":""},"categories":[106],"tags":[],"class_list":["post-3602","post","type-post","status-publish","format-standard","has-post-thumbnail","hentry","category-evangelho-do-domingo"],"_links":{"self":[{"href":"https:\/\/franciscanas.org\/portal\/brasil\/wp-json\/wp\/v2\/posts\/3602","targetHints":{"allow":["GET"]}}],"collection":[{"href":"https:\/\/franciscanas.org\/portal\/brasil\/wp-json\/wp\/v2\/posts"}],"about":[{"href":"https:\/\/franciscanas.org\/portal\/brasil\/wp-json\/wp\/v2\/types\/post"}],"author":[{"embeddable":true,"href":"https:\/\/franciscanas.org\/portal\/brasil\/wp-json\/wp\/v2\/users\/1"}],"replies":[{"embeddable":true,"href":"https:\/\/franciscanas.org\/portal\/brasil\/wp-json\/wp\/v2\/comments?post=3602"}],"version-history":[{"count":1,"href":"https:\/\/franciscanas.org\/portal\/brasil\/wp-json\/wp\/v2\/posts\/3602\/revisions"}],"predecessor-version":[{"id":3603,"href":"https:\/\/franciscanas.org\/portal\/brasil\/wp-json\/wp\/v2\/posts\/3602\/revisions\/3603"}],"wp:featuredmedia":[{"embeddable":true,"href":"https:\/\/franciscanas.org\/portal\/brasil\/wp-json\/wp\/v2\/media\/3700"}],"wp:attachment":[{"href":"https:\/\/franciscanas.org\/portal\/brasil\/wp-json\/wp\/v2\/media?parent=3602"}],"wp:term":[{"taxonomy":"category","embeddable":true,"href":"https:\/\/franciscanas.org\/portal\/brasil\/wp-json\/wp\/v2\/categories?post=3602"},{"taxonomy":"post_tag","embeddable":true,"href":"https:\/\/franciscanas.org\/portal\/brasil\/wp-json\/wp\/v2\/tags?post=3602"}],"curies":[{"name":"wp","href":"https:\/\/api.w.org\/{rel}","templated":true}]}}