{"id":3600,"date":"2024-01-19T20:30:00","date_gmt":"2024-01-19T23:30:00","guid":{"rendered":"https:\/\/franciscanas.org\/portal\/brasil\/?p=3600"},"modified":"2024-01-19T18:27:32","modified_gmt":"2024-01-19T21:27:32","slug":"3o-domingo-do-tempo-comum","status":"publish","type":"post","link":"https:\/\/franciscanas.org\/portal\/brasil\/evangelho-do-domingo\/3o-domingo-do-tempo-comum\/","title":{"rendered":"3\u00ba Domingo do Tempo Comum"},"content":{"rendered":"\n<p class=\"has-vivid-red-color has-text-color\"><strong>Evangelhio de Marcos<\/strong> (1, 14-20)<\/p>\n\n\n\n<p>14 Depois que Jo\u00e3o Batista foi preso, Jesus foi para a Galileia, pregando o evangelho de Deus e dizendo:<br>15 &#8220;O tempo j\u00e1 se completou e o reino de Deus est\u00e1 pr\u00f3ximo. Convertei-vos e crede no evangelho!&#8221;<br>16 E, passando \u00e0 beira do mar da Galileia, Jesus viu Sim\u00e3o e Andr\u00e9, seu irm\u00e3o, que lan\u00e7avam a rede ao mar, pois eram pescadores.<br>17 Jesus lhes disse: &#8220;Segui-me e eu farei de v\u00f3s pescadores de homens&#8221;.<br>18 E eles, deixando imediatamente as redes, seguiram a Jesus.<br>19 Caminhando mais um pouco, viu tamb\u00e9m Tiago e Jo\u00e3o, filhos de Zebedeu. Estavam na barca, consertando as redes; 20 e logo os chamou. Eles deixaram seu pai, Zebedeu, na barca com os empregados e partiram, seguindo Jesus.<\/p>\n\n\n\n<p class=\"has-vivid-red-color has-text-color\">Palavra da Salva\u00e7\u00e3o.<\/p>\n","protected":false},"excerpt":{"rendered":"<p>O tempo j\u00e1 se completou e o reino de Deus est\u00e1 pr\u00f3ximo (Mc 1,15).<\/p>\n","protected":false},"author":1,"featured_media":3678,"comment_status":"closed","ping_status":"closed","sticky":false,"template":"","format":"standard","meta":{"_et_pb_use_builder":"off","_et_pb_old_content":"","_et_gb_content_width":"1200","footnotes":""},"categories":[106],"tags":[],"class_list":["post-3600","post","type-post","status-publish","format-standard","has-post-thumbnail","hentry","category-evangelho-do-domingo"],"_links":{"self":[{"href":"https:\/\/franciscanas.org\/portal\/brasil\/wp-json\/wp\/v2\/posts\/3600","targetHints":{"allow":["GET"]}}],"collection":[{"href":"https:\/\/franciscanas.org\/portal\/brasil\/wp-json\/wp\/v2\/posts"}],"about":[{"href":"https:\/\/franciscanas.org\/portal\/brasil\/wp-json\/wp\/v2\/types\/post"}],"author":[{"embeddable":true,"href":"https:\/\/franciscanas.org\/portal\/brasil\/wp-json\/wp\/v2\/users\/1"}],"replies":[{"embeddable":true,"href":"https:\/\/franciscanas.org\/portal\/brasil\/wp-json\/wp\/v2\/comments?post=3600"}],"version-history":[{"count":1,"href":"https:\/\/franciscanas.org\/portal\/brasil\/wp-json\/wp\/v2\/posts\/3600\/revisions"}],"predecessor-version":[{"id":3601,"href":"https:\/\/franciscanas.org\/portal\/brasil\/wp-json\/wp\/v2\/posts\/3600\/revisions\/3601"}],"wp:featuredmedia":[{"embeddable":true,"href":"https:\/\/franciscanas.org\/portal\/brasil\/wp-json\/wp\/v2\/media\/3678"}],"wp:attachment":[{"href":"https:\/\/franciscanas.org\/portal\/brasil\/wp-json\/wp\/v2\/media?parent=3600"}],"wp:term":[{"taxonomy":"category","embeddable":true,"href":"https:\/\/franciscanas.org\/portal\/brasil\/wp-json\/wp\/v2\/categories?post=3600"},{"taxonomy":"post_tag","embeddable":true,"href":"https:\/\/franciscanas.org\/portal\/brasil\/wp-json\/wp\/v2\/tags?post=3600"}],"curies":[{"name":"wp","href":"https:\/\/api.w.org\/{rel}","templated":true}]}}