{"id":3598,"date":"2024-01-12T20:30:00","date_gmt":"2024-01-12T23:30:00","guid":{"rendered":"https:\/\/franciscanas.org\/portal\/brasil\/?p=3598"},"modified":"2024-01-19T18:16:18","modified_gmt":"2024-01-19T21:16:18","slug":"2o-domingo-do-tempo-comum","status":"publish","type":"post","link":"https:\/\/franciscanas.org\/portal\/brasil\/evangelho-do-domingo\/2o-domingo-do-tempo-comum\/","title":{"rendered":"2\u00ba Domingo do Tempo Comum"},"content":{"rendered":"\n<p class=\"has-vivid-red-color has-text-color\"><strong>Evangelho de Jo\u00e3o (<\/strong>1, 35-42)<\/p>\n\n\n\n<p>Naquele tempo,<br>35 Jo\u00e3o estava de novo com dois de seus disc\u00edpulos<br>36 e, vendo Jesus passar, disse: &#8220;Eis o Cordeiro de Deus!&#8221;<br>37 Ouvindo essas palavras, os dois disc\u00edpulos seguiram Jesus.<br>38 Voltando-se para eles e vendo que o estavam seguindo, Jesus perguntou: &#8220;O que estais procurando?&#8221; Eles disseram: &#8220;Rabi (que quer dizer mestre), onde moras?&#8221; ]<br>39 Jesus respondeu: &#8220;Vinde ver&#8221;. Foram, pois, ver onde ele morava e, nesse dia, permaneceram com ele. Era por volta das quatro da tarde.<br>40 Andr\u00e9, irm\u00e3o de Sim\u00e3o Pedro, era um dos dois que ouviram as palavras de Jo\u00e3o e seguiram Jesus.<br>41 Ele foi encontrar primeiro seu irm\u00e3o Sim\u00e3o e lhe disse: &#8220;Encontramos o Messias&#8221; (que quer dizer Cristo).<br>42 Ent\u00e3o Andr\u00e9 conduziu Sim\u00e3o a Jesus. Jesus olhou bem para ele e disse: &#8220;Tu \u00e9s Sim\u00e3o, filho de Jo\u00e3o; tu ser\u00e1s chamado Cefas&#8221; (que quer dizer pedra).<\/p>\n\n\n\n<p class=\"has-vivid-red-color has-text-color\">Palavra da Salva\u00e7\u00e3o<\/p>\n","protected":false},"excerpt":{"rendered":"<p>&#8220;Vinde ver&#8221;. Foram, pois, ver onde ele morava e, nesse dia, permaneceram com ele (Jo 1, 39).<\/p>\n","protected":false},"author":1,"featured_media":3677,"comment_status":"closed","ping_status":"closed","sticky":false,"template":"","format":"standard","meta":{"_et_pb_use_builder":"off","_et_pb_old_content":"","_et_gb_content_width":"1200","footnotes":""},"categories":[106],"tags":[],"class_list":["post-3598","post","type-post","status-publish","format-standard","has-post-thumbnail","hentry","category-evangelho-do-domingo"],"_links":{"self":[{"href":"https:\/\/franciscanas.org\/portal\/brasil\/wp-json\/wp\/v2\/posts\/3598","targetHints":{"allow":["GET"]}}],"collection":[{"href":"https:\/\/franciscanas.org\/portal\/brasil\/wp-json\/wp\/v2\/posts"}],"about":[{"href":"https:\/\/franciscanas.org\/portal\/brasil\/wp-json\/wp\/v2\/types\/post"}],"author":[{"embeddable":true,"href":"https:\/\/franciscanas.org\/portal\/brasil\/wp-json\/wp\/v2\/users\/1"}],"replies":[{"embeddable":true,"href":"https:\/\/franciscanas.org\/portal\/brasil\/wp-json\/wp\/v2\/comments?post=3598"}],"version-history":[{"count":1,"href":"https:\/\/franciscanas.org\/portal\/brasil\/wp-json\/wp\/v2\/posts\/3598\/revisions"}],"predecessor-version":[{"id":3599,"href":"https:\/\/franciscanas.org\/portal\/brasil\/wp-json\/wp\/v2\/posts\/3598\/revisions\/3599"}],"wp:featuredmedia":[{"embeddable":true,"href":"https:\/\/franciscanas.org\/portal\/brasil\/wp-json\/wp\/v2\/media\/3677"}],"wp:attachment":[{"href":"https:\/\/franciscanas.org\/portal\/brasil\/wp-json\/wp\/v2\/media?parent=3598"}],"wp:term":[{"taxonomy":"category","embeddable":true,"href":"https:\/\/franciscanas.org\/portal\/brasil\/wp-json\/wp\/v2\/categories?post=3598"},{"taxonomy":"post_tag","embeddable":true,"href":"https:\/\/franciscanas.org\/portal\/brasil\/wp-json\/wp\/v2\/tags?post=3598"}],"curies":[{"name":"wp","href":"https:\/\/api.w.org\/{rel}","templated":true}]}}