{"id":3595,"date":"2024-01-05T20:30:00","date_gmt":"2024-01-05T23:30:00","guid":{"rendered":"https:\/\/franciscanas.org\/portal\/brasil\/?p=3595"},"modified":"2024-01-04T23:10:58","modified_gmt":"2024-01-05T02:10:58","slug":"epifania-do-senhor","status":"publish","type":"post","link":"https:\/\/franciscanas.org\/portal\/brasil\/evangelho-do-domingo\/epifania-do-senhor\/","title":{"rendered":"Epifania do Senhor"},"content":{"rendered":"\n<p class=\"has-vivid-red-color has-text-color\">Evangelho de Mateus (2, 1-12)<\/p>\n\n\n\n<p>1 Tendo nascido Jesus na cidade de Bel\u00e9m, na Judeia, no tempo do rei Herodes, eis que alguns magos do Oriente chegaram a Jerusal\u00e9m,<br>2 perguntando: &#8216;Onde est\u00e1 o rei dos judeus, que acaba de nascer? N\u00f3s vimos a sua estrela no Oriente e viemos ador\u00e1-lo.&#8217;<br>3 Ao saber disso, o rei Herodes ficou perturbado assim como toda a cidade de Jerusal\u00e9m.<br>4 Reunindo todos os sumos sacerdotes e os mestres da Lei, perguntava-lhes onde o Messias deveria nascer.<br>5 Eles responderam: &#8216;Em Bel\u00e9m, na Judeia, pois assim foi escrito pelo profeta:<br>6 E tu, Bel\u00e9m, terra de Jud\u00e1, de modo algum \u00e9s a menor entre as principais cidades de Jud\u00e1, porque de ti sair\u00e1 um chefe que vai ser o pastor de Israel, o meu povo.&#8217;<br>7 Ent\u00e3o Herodes chamou em segredo os magos e procurou saber deles cuidadosamente quando a estrela tinha aparecido.<br>8 Depois os enviou a Bel\u00e9m, dizendo: &#8216;Ide e procurai obter informa\u00e7\u00f5es exatas sobre o menino. E, quando o encontrardes, avisai-me, para que tamb\u00e9m eu v\u00e1 ador\u00e1-lo.&#8217;<br>9 Depois que ouviram o rei, eles partiram. E a estrela, que tinham visto no Oriente, ia adiante deles, at\u00e9 parar sobre o lugar onde estava o menino.<br>10 Ao verem de novo a estrela, os magos sentiram uma alegria muito grande.<br>11 Quando entraram na casa, viram o menino com Maria, sua m\u00e3e. Ajoelharam-se diante dele, e o adoraram. Depois abriram seus cofres e lhe ofereceram presentes: ouro, incenso e mirra.<br>12 Avisados em sonho para n\u00e3o voltarem a Herodes, retornaram para a sua terra, seguindo outro caminho.<\/p>\n\n\n\n<p class=\"has-vivid-red-color has-text-color\">Palavra da Salva\u00e7\u00e3o.<\/p>\n","protected":false},"excerpt":{"rendered":"<p> &#8216;Onde est\u00e1 o rei dos judeus, que acaba de nascer? N\u00f3s vimos a sua estrela no Oriente e viemos ador\u00e1-lo&#8217;  (Mt 2, 2).<\/p>\n","protected":false},"author":1,"featured_media":3629,"comment_status":"closed","ping_status":"closed","sticky":false,"template":"","format":"standard","meta":{"_et_pb_use_builder":"off","_et_pb_old_content":"","_et_gb_content_width":"1200","footnotes":""},"categories":[106],"tags":[],"class_list":["post-3595","post","type-post","status-publish","format-standard","has-post-thumbnail","hentry","category-evangelho-do-domingo"],"_links":{"self":[{"href":"https:\/\/franciscanas.org\/portal\/brasil\/wp-json\/wp\/v2\/posts\/3595","targetHints":{"allow":["GET"]}}],"collection":[{"href":"https:\/\/franciscanas.org\/portal\/brasil\/wp-json\/wp\/v2\/posts"}],"about":[{"href":"https:\/\/franciscanas.org\/portal\/brasil\/wp-json\/wp\/v2\/types\/post"}],"author":[{"embeddable":true,"href":"https:\/\/franciscanas.org\/portal\/brasil\/wp-json\/wp\/v2\/users\/1"}],"replies":[{"embeddable":true,"href":"https:\/\/franciscanas.org\/portal\/brasil\/wp-json\/wp\/v2\/comments?post=3595"}],"version-history":[{"count":1,"href":"https:\/\/franciscanas.org\/portal\/brasil\/wp-json\/wp\/v2\/posts\/3595\/revisions"}],"predecessor-version":[{"id":3596,"href":"https:\/\/franciscanas.org\/portal\/brasil\/wp-json\/wp\/v2\/posts\/3595\/revisions\/3596"}],"wp:featuredmedia":[{"embeddable":true,"href":"https:\/\/franciscanas.org\/portal\/brasil\/wp-json\/wp\/v2\/media\/3629"}],"wp:attachment":[{"href":"https:\/\/franciscanas.org\/portal\/brasil\/wp-json\/wp\/v2\/media?parent=3595"}],"wp:term":[{"taxonomy":"category","embeddable":true,"href":"https:\/\/franciscanas.org\/portal\/brasil\/wp-json\/wp\/v2\/categories?post=3595"},{"taxonomy":"post_tag","embeddable":true,"href":"https:\/\/franciscanas.org\/portal\/brasil\/wp-json\/wp\/v2\/tags?post=3595"}],"curies":[{"name":"wp","href":"https:\/\/api.w.org\/{rel}","templated":true}]}}