{"id":3574,"date":"2023-12-29T08:30:00","date_gmt":"2023-12-29T11:30:00","guid":{"rendered":"https:\/\/franciscanas.org\/portal\/brasil\/?p=3574"},"modified":"2023-12-31T09:12:21","modified_gmt":"2023-12-31T12:12:21","slug":"festa-da-sagrada-familia","status":"publish","type":"post","link":"https:\/\/franciscanas.org\/portal\/brasil\/evangelho-do-domingo\/festa-da-sagrada-familia\/","title":{"rendered":"Festa da Sagrada Fam\u00edlia"},"content":{"rendered":"\n<p class=\"has-vivid-red-color has-text-color\"><strong>Evangelho de Lucas\u00a0 2,22.39-40<\/strong><\/p>\n\n\n\n<p>22 Quando se completaram os dias para a purifica\u00e7\u00e3o da m\u00e3e e do filho, conforme a Lei de Mois\u00e9s, Maria e Jos\u00e9 levaram Jesus a Jerusal\u00e9m, a fim de apresent\u00e1-lo ao Senhor.<br>39 Depois de cumprirem tudo, conforme a Lei do Senhor, voltaram \u00e0 Galileia, para Nazar\u00e9, sua cidade.<br>40 O menino crescia e tornava-se forte, cheio de sabedoria; e a gra\u00e7a de Deus estava com ele.<\/p>\n\n\n\n<p class=\"has-vivid-red-color has-text-color\">Palavra da Salva\u00e7\u00e3o.<\/p>\n","protected":false},"excerpt":{"rendered":"<p>\u201cO menino crescia e tornava-se forte, cheio de sabedoria; e a gra\u00e7a de Deus estava com ele\u201d (Lc 2, 40)<\/p>\n","protected":false},"author":1,"featured_media":3577,"comment_status":"closed","ping_status":"closed","sticky":false,"template":"","format":"standard","meta":{"_et_pb_use_builder":"off","_et_pb_old_content":"","_et_gb_content_width":"1200","footnotes":""},"categories":[106],"tags":[],"class_list":["post-3574","post","type-post","status-publish","format-standard","has-post-thumbnail","hentry","category-evangelho-do-domingo"],"_links":{"self":[{"href":"https:\/\/franciscanas.org\/portal\/brasil\/wp-json\/wp\/v2\/posts\/3574","targetHints":{"allow":["GET"]}}],"collection":[{"href":"https:\/\/franciscanas.org\/portal\/brasil\/wp-json\/wp\/v2\/posts"}],"about":[{"href":"https:\/\/franciscanas.org\/portal\/brasil\/wp-json\/wp\/v2\/types\/post"}],"author":[{"embeddable":true,"href":"https:\/\/franciscanas.org\/portal\/brasil\/wp-json\/wp\/v2\/users\/1"}],"replies":[{"embeddable":true,"href":"https:\/\/franciscanas.org\/portal\/brasil\/wp-json\/wp\/v2\/comments?post=3574"}],"version-history":[{"count":1,"href":"https:\/\/franciscanas.org\/portal\/brasil\/wp-json\/wp\/v2\/posts\/3574\/revisions"}],"predecessor-version":[{"id":3575,"href":"https:\/\/franciscanas.org\/portal\/brasil\/wp-json\/wp\/v2\/posts\/3574\/revisions\/3575"}],"wp:featuredmedia":[{"embeddable":true,"href":"https:\/\/franciscanas.org\/portal\/brasil\/wp-json\/wp\/v2\/media\/3577"}],"wp:attachment":[{"href":"https:\/\/franciscanas.org\/portal\/brasil\/wp-json\/wp\/v2\/media?parent=3574"}],"wp:term":[{"taxonomy":"category","embeddable":true,"href":"https:\/\/franciscanas.org\/portal\/brasil\/wp-json\/wp\/v2\/categories?post=3574"},{"taxonomy":"post_tag","embeddable":true,"href":"https:\/\/franciscanas.org\/portal\/brasil\/wp-json\/wp\/v2\/tags?post=3574"}],"curies":[{"name":"wp","href":"https:\/\/api.w.org\/{rel}","templated":true}]}}