{"id":3453,"date":"2023-12-15T20:30:00","date_gmt":"2023-12-15T23:30:00","guid":{"rendered":"https:\/\/franciscanas.org\/portal\/brasil\/?p=3453"},"modified":"2023-11-27T16:00:56","modified_gmt":"2023-11-27T19:00:56","slug":"3o-domingo-do-advento","status":"publish","type":"post","link":"https:\/\/franciscanas.org\/portal\/brasil\/evangelho-do-domingo\/3o-domingo-do-advento\/","title":{"rendered":"3\u00ba Domingo do Advento"},"content":{"rendered":"\n<p class=\"has-vivid-red-color has-text-color\"><strong>Evangelho<\/strong> de Jo\u00e3o 1,6-8.19-28<\/p>\n\n\n\n<p>6 Surgiu um homem enviado por Deus; Seu nome era Jo\u00e3o.<br>7 Ele veio como testemunha, para dar testemunho da luz, para que todos chegassem \u00e0 f\u00e9 por meio dele.<br>8 Ele n\u00e3o era a luz, mas veio para dar testemunho da luz.<br>19 Este foi o testemunho de Jo\u00e3o, quando os judeus enviaram de Jerusal\u00e9m sacerdotes e levitas para perguntar: &#8220;Quem \u00e9s tu?&#8221;<br>20 Jo\u00e3o confessou e n\u00e3o negou. Confessou: &#8220;Eu n\u00e3o sou o Messias&#8221;.<br>21 Eles perguntaram: &#8220;Quem \u00e9s, ent\u00e3o? \u00c9s tu Elias?&#8221; Jo\u00e3o respondeu: &#8220;N\u00e3o sou&#8221;. Eles perguntaram: &#8220;\u00c9s o Profeta?&#8221; Ele respondeu: &#8220;N\u00e3o&#8221;.<br>22 Perguntaram ent\u00e3o: &#8220;Quem \u00e9s, afinal? Temos que levar uma resposta para aqueles que nos enviaram. O que dizes de ti mesmo?&#8221;<br>23 Jo\u00e3o declarou: &#8220;Eu sou a voz que grita no deserto: &#8216;Aplainai o caminho do Senhor'&#8221; \u2014 conforme disse o profeta Isa\u00edas.<br>24 Ora, os que tinham sido enviados pertenciam aos fariseus<br>25 e perguntaram: &#8220;Por que ent\u00e3o andas batizando, se n\u00e3o \u00e9s o Messias, nem Elias, nem o Profeta?&#8221;<br>26 Jo\u00e3o respondeu: &#8220;Eu batizo com \u00e1gua; mas no meio de v\u00f3s est\u00e1 aquele que v\u00f3s n\u00e3o conheceis,<br>27 e que vem depois de mim. Eu n\u00e3o mere\u00e7o desamarrar a correia de suas sand\u00e1lias&#8221;.<br>28 Isso aconteceu em Bet\u00e2nia al\u00e9m do Jord\u00e3o, onde Jo\u00e3o estava batizando.<\/p>\n\n\n\n<p class=\"has-vivid-red-color has-text-color\">Palavra da Salva\u00e7\u00e3o.<\/p>\n","protected":false},"excerpt":{"rendered":"<p>Ele veio  para dar testemunho da luz&#8230;\u201d<br \/>\n(Jo 1, 7)<\/p>\n","protected":false},"author":1,"featured_media":3457,"comment_status":"closed","ping_status":"closed","sticky":false,"template":"","format":"standard","meta":{"_et_pb_use_builder":"off","_et_pb_old_content":"","_et_gb_content_width":"1200","footnotes":""},"categories":[106],"tags":[],"class_list":["post-3453","post","type-post","status-publish","format-standard","has-post-thumbnail","hentry","category-evangelho-do-domingo"],"_links":{"self":[{"href":"https:\/\/franciscanas.org\/portal\/brasil\/wp-json\/wp\/v2\/posts\/3453","targetHints":{"allow":["GET"]}}],"collection":[{"href":"https:\/\/franciscanas.org\/portal\/brasil\/wp-json\/wp\/v2\/posts"}],"about":[{"href":"https:\/\/franciscanas.org\/portal\/brasil\/wp-json\/wp\/v2\/types\/post"}],"author":[{"embeddable":true,"href":"https:\/\/franciscanas.org\/portal\/brasil\/wp-json\/wp\/v2\/users\/1"}],"replies":[{"embeddable":true,"href":"https:\/\/franciscanas.org\/portal\/brasil\/wp-json\/wp\/v2\/comments?post=3453"}],"version-history":[{"count":4,"href":"https:\/\/franciscanas.org\/portal\/brasil\/wp-json\/wp\/v2\/posts\/3453\/revisions"}],"predecessor-version":[{"id":3459,"href":"https:\/\/franciscanas.org\/portal\/brasil\/wp-json\/wp\/v2\/posts\/3453\/revisions\/3459"}],"wp:featuredmedia":[{"embeddable":true,"href":"https:\/\/franciscanas.org\/portal\/brasil\/wp-json\/wp\/v2\/media\/3457"}],"wp:attachment":[{"href":"https:\/\/franciscanas.org\/portal\/brasil\/wp-json\/wp\/v2\/media?parent=3453"}],"wp:term":[{"taxonomy":"category","embeddable":true,"href":"https:\/\/franciscanas.org\/portal\/brasil\/wp-json\/wp\/v2\/categories?post=3453"},{"taxonomy":"post_tag","embeddable":true,"href":"https:\/\/franciscanas.org\/portal\/brasil\/wp-json\/wp\/v2\/tags?post=3453"}],"curies":[{"name":"wp","href":"https:\/\/api.w.org\/{rel}","templated":true}]}}