{"id":3448,"date":"2023-12-08T20:30:00","date_gmt":"2023-12-08T23:30:00","guid":{"rendered":"https:\/\/franciscanas.org\/portal\/brasil\/?p=3448"},"modified":"2023-11-27T14:52:22","modified_gmt":"2023-11-27T17:52:22","slug":"2o-domingo-do-advento","status":"publish","type":"post","link":"https:\/\/franciscanas.org\/portal\/brasil\/evangelho-do-domingo\/2o-domingo-do-advento\/","title":{"rendered":"2\u00ba Domingo do Advento"},"content":{"rendered":"\n<p class=\"has-vivid-red-color has-text-color\"><strong>Evangelho<\/strong> de Marcos 1,1-8<\/p>\n\n\n\n<p>1 In\u00edcio do Evangelho de Jesus Cristo, Filho de Deus.<br>2 Est\u00e1 escrito no livro do profeta Isa\u00edas: &#8220;Eis que envio meu mensageiro \u00e0 tua frente, para preparar o teu caminho.<br>3 Esta \u00e9 a voz daquele que grita no deserto: &#8216;Preparai o caminho do Senhor, endireitai suas estradas!'&#8221;<br>4 Foi assim que Jo\u00e3o Batista apareceu no deserto, pregando um batismo de convers\u00e3o para o perd\u00e3o dos pecados.<br>5 Toda a regi\u00e3o da Judeia e todos os moradores de Jerusal\u00e9m iam ao seu encontro.Confessavam os seus pecados e Jo\u00e3o os batizava no rio Jord\u00e3o.<br>6 Jo\u00e3o se vestia com uma pele de camelo e comia gafanhotos e mel do campo.<br>7 E pregava, dizendo: &#8220;Depois de mim vir\u00e1 algu\u00e9m mais forte do que eu. Eu nem sou digno de me abaixar para desamarrar suas sand\u00e1lias.<br>8 Eu vos batizei com \u00e1gua, mas ele vos batizar\u00e1 com o Esp\u00edrito Santo&#8221;.<\/p>\n\n\n\n<p class=\"has-vivid-red-color has-text-color\">Palavra da Salva\u00e7\u00e3o.<\/p>\n","protected":false},"excerpt":{"rendered":"<p>\u201cPreparai o caminho do Senhor, endireitai suas estradas!\u201d<br \/>\n(Mc 1, 13)<\/p>\n","protected":false},"author":1,"featured_media":3452,"comment_status":"closed","ping_status":"closed","sticky":false,"template":"","format":"standard","meta":{"_et_pb_use_builder":"off","_et_pb_old_content":"","_et_gb_content_width":"1200","footnotes":""},"categories":[106],"tags":[],"class_list":["post-3448","post","type-post","status-publish","format-standard","has-post-thumbnail","hentry","category-evangelho-do-domingo"],"_links":{"self":[{"href":"https:\/\/franciscanas.org\/portal\/brasil\/wp-json\/wp\/v2\/posts\/3448","targetHints":{"allow":["GET"]}}],"collection":[{"href":"https:\/\/franciscanas.org\/portal\/brasil\/wp-json\/wp\/v2\/posts"}],"about":[{"href":"https:\/\/franciscanas.org\/portal\/brasil\/wp-json\/wp\/v2\/types\/post"}],"author":[{"embeddable":true,"href":"https:\/\/franciscanas.org\/portal\/brasil\/wp-json\/wp\/v2\/users\/1"}],"replies":[{"embeddable":true,"href":"https:\/\/franciscanas.org\/portal\/brasil\/wp-json\/wp\/v2\/comments?post=3448"}],"version-history":[{"count":2,"href":"https:\/\/franciscanas.org\/portal\/brasil\/wp-json\/wp\/v2\/posts\/3448\/revisions"}],"predecessor-version":[{"id":3451,"href":"https:\/\/franciscanas.org\/portal\/brasil\/wp-json\/wp\/v2\/posts\/3448\/revisions\/3451"}],"wp:featuredmedia":[{"embeddable":true,"href":"https:\/\/franciscanas.org\/portal\/brasil\/wp-json\/wp\/v2\/media\/3452"}],"wp:attachment":[{"href":"https:\/\/franciscanas.org\/portal\/brasil\/wp-json\/wp\/v2\/media?parent=3448"}],"wp:term":[{"taxonomy":"category","embeddable":true,"href":"https:\/\/franciscanas.org\/portal\/brasil\/wp-json\/wp\/v2\/categories?post=3448"},{"taxonomy":"post_tag","embeddable":true,"href":"https:\/\/franciscanas.org\/portal\/brasil\/wp-json\/wp\/v2\/tags?post=3448"}],"curies":[{"name":"wp","href":"https:\/\/api.w.org\/{rel}","templated":true}]}}