{"id":3445,"date":"2023-12-01T20:30:00","date_gmt":"2023-12-01T23:30:00","guid":{"rendered":"https:\/\/franciscanas.org\/portal\/brasil\/?p=3445"},"modified":"2023-11-27T14:33:40","modified_gmt":"2023-11-27T17:33:40","slug":"1o-domingo-do-advento","status":"publish","type":"post","link":"https:\/\/franciscanas.org\/portal\/brasil\/evangelho-do-domingo\/1o-domingo-do-advento\/","title":{"rendered":"1\u00ba Domingo do Advento"},"content":{"rendered":"\n<p class=\"has-vivid-red-color has-text-color\"><strong>Evangelho <\/strong>de Marcos 13,33-37<\/p>\n\n\n\n<p>Naquele tempo, disse Jesus aos seus disc\u00edpulos:<br>33 &#8220;Cuidado! Ficai atentos, porque n\u00e3o sabeis quando chegar\u00e1 o momento.<br>34 \u00c9 como um homem que, ao partir para o estrangeiro, deixou sua casa sob a responsabilidade de seus empregados, distribuindo a cada um sua tarefa. E mandou o porteiro ficar vigiando.<br>35 Vigiai, portanto, porque n\u00e3o sabeis quando o dono da casa vem: \u00e0 tarde, \u00e0 meia-noite, de madrugada ou ao amanhecer.<br>36 Para que n\u00e3o suceda que, vindo de repente, ele vos encontre dormindo.<br>37 O que vos digo, digo a todos: Vigiai!&#8221;<\/p>\n\n\n\n<p class=\"has-vivid-red-color has-text-color\">Palavra da Salva\u00e7\u00e3o.<\/p>\n","protected":false},"excerpt":{"rendered":"<p>\u201cFicai atentos, porque n\u00e3o sabeis quando chegar\u00e1 o momento.\u201d<br \/>\n(Mc 13, 33)<\/p>\n","protected":false},"author":1,"featured_media":3447,"comment_status":"closed","ping_status":"closed","sticky":false,"template":"","format":"standard","meta":{"_et_pb_use_builder":"off","_et_pb_old_content":"","_et_gb_content_width":"","footnotes":""},"categories":[106],"tags":[],"class_list":["post-3445","post","type-post","status-publish","format-standard","has-post-thumbnail","hentry","category-evangelho-do-domingo"],"_links":{"self":[{"href":"https:\/\/franciscanas.org\/portal\/brasil\/wp-json\/wp\/v2\/posts\/3445","targetHints":{"allow":["GET"]}}],"collection":[{"href":"https:\/\/franciscanas.org\/portal\/brasil\/wp-json\/wp\/v2\/posts"}],"about":[{"href":"https:\/\/franciscanas.org\/portal\/brasil\/wp-json\/wp\/v2\/types\/post"}],"author":[{"embeddable":true,"href":"https:\/\/franciscanas.org\/portal\/brasil\/wp-json\/wp\/v2\/users\/1"}],"replies":[{"embeddable":true,"href":"https:\/\/franciscanas.org\/portal\/brasil\/wp-json\/wp\/v2\/comments?post=3445"}],"version-history":[{"count":1,"href":"https:\/\/franciscanas.org\/portal\/brasil\/wp-json\/wp\/v2\/posts\/3445\/revisions"}],"predecessor-version":[{"id":3446,"href":"https:\/\/franciscanas.org\/portal\/brasil\/wp-json\/wp\/v2\/posts\/3445\/revisions\/3446"}],"wp:featuredmedia":[{"embeddable":true,"href":"https:\/\/franciscanas.org\/portal\/brasil\/wp-json\/wp\/v2\/media\/3447"}],"wp:attachment":[{"href":"https:\/\/franciscanas.org\/portal\/brasil\/wp-json\/wp\/v2\/media?parent=3445"}],"wp:term":[{"taxonomy":"category","embeddable":true,"href":"https:\/\/franciscanas.org\/portal\/brasil\/wp-json\/wp\/v2\/categories?post=3445"},{"taxonomy":"post_tag","embeddable":true,"href":"https:\/\/franciscanas.org\/portal\/brasil\/wp-json\/wp\/v2\/tags?post=3445"}],"curies":[{"name":"wp","href":"https:\/\/api.w.org\/{rel}","templated":true}]}}