{"id":3434,"date":"2023-11-27T08:30:52","date_gmt":"2023-11-27T11:30:52","guid":{"rendered":"https:\/\/franciscanas.org\/portal\/brasil\/?p=3434"},"modified":"2023-11-27T08:37:59","modified_gmt":"2023-11-27T11:37:59","slug":"34o-domingo-do-tempo-comum","status":"publish","type":"post","link":"https:\/\/franciscanas.org\/portal\/brasil\/evangelho-do-domingo\/34o-domingo-do-tempo-comum\/","title":{"rendered":"34\u00ba  Domingo do Tempo Comum"},"content":{"rendered":"\n<p class=\"has-vivid-red-color has-text-color\"><strong>Evangelho<\/strong> de Mateus 25,31-46<\/p>\n\n\n\n<p>Naquele tempo, disse Jesus a seus disc\u00edpulos:<br>31 &#8220;Quando o Filho do Homem vier em sua gl\u00f3ria, acompanhado de todos os anjos, ent\u00e3o se assentar\u00e1 em seu trono glorioso.<br>32 Todos os povos da terra ser\u00e3o reunidos diante dele, e ele separar\u00e1 uns dos outros, assim como o pastor separa as ovelhas dos cabritos.<br>33 E colocar\u00e1 as ovelhas \u00e0 sua direita e os cabritos \u00e0 sua esquerda.<br>34 Ent\u00e3o o Rei dir\u00e1 aos que estiverem \u00e0 sua direita: &#8216;Vinde, benditos de meu Pai! Recebei como heran\u00e7a o Reino que meu Pai vos preparou desde a cria\u00e7\u00e3o do mundo!<br>35 Pois eu estava com fome e me destes de comer; eu estava com sede e me destes de beber; eu era estrangeiro e me recebestes em casa;<br>36 eu estava nu e me vestistes; eu estava doente e cuidastes de mim; eu estava na pris\u00e3o e fostes me visitar&#8217;.<br>37 Ent\u00e3o os justos lhe perguntar\u00e3o: &#8216;Senhor, quando foi que te vimos com fome e te demos de comer? com sede e te demos de beber?<br>38 Quando foi que te vimos como estrangeiro e te recebemos em casa, e sem roupa e te vestimos?<br>39 Quando foi que te vimos doente ou preso,<br>e fomos te visitar?&#8217;<br>40 Ent\u00e3o o Rei lhes responder\u00e1: &#8216;Em verdade eu vos digo, que todas as vezes que fizestes isso a um dos menores de meus irm\u00e3os, foi a mim que o fizestes!&#8217;<br>41 Depois o Rei dir\u00e1 aos que estiverem \u00e0 sua esquerda: &#8216;Afastai-vos de mim, malditos!<br>Ide para o fogo eterno, preparado para o diabo e para os seus anjos.<br>42 Pois eu estava com fome e n\u00e3o me destes de comer; eu estava com sede e n\u00e3o me destes de beber;<br>43 eu era estrangeiro e n\u00e3o me recebestes em casa; eu estava nu e n\u00e3o me vestistes; eu estava doente e na pris\u00e3o e n\u00e3o fostes me visitar&#8217;.<br>44 E responder\u00e3o tamb\u00e9m eles: \u201dSenhor, quando foi que te vimos com fome, ou com sede, como estrangeiro, ou nu, doente ou preso, e n\u00e3o te servimos?&#8217;<br>45 Ent\u00e3o o Rei lhes responder\u00e1: \u201cEm verdade eu vos digo, todas as vezes que n\u00e3o fizestes isso<br>a um desses pequeninos, foi a mim que n\u00e3o o fizestes!&#8217;<br>46 Portanto, estes ir\u00e3o para o castigo eterno,<br>enquanto os justos ir\u00e3o para a vida eterna&#8221;.<\/p>\n\n\n\n<p class=\"has-vivid-red-color has-text-color\">Palavra da Salva\u00e7\u00e3o.<\/p>\n","protected":false},"excerpt":{"rendered":"<p>\u201cVinde, benditos de meu Pai! Recebei como heran\u00e7a o Reino&#8230;\u201d (Mt 25, 34)<\/p>\n","protected":false},"author":1,"featured_media":3440,"comment_status":"closed","ping_status":"closed","sticky":false,"template":"","format":"standard","meta":{"_et_pb_use_builder":"off","_et_pb_old_content":"","_et_gb_content_width":"1200","footnotes":""},"categories":[106],"tags":[],"class_list":["post-3434","post","type-post","status-publish","format-standard","has-post-thumbnail","hentry","category-evangelho-do-domingo"],"_links":{"self":[{"href":"https:\/\/franciscanas.org\/portal\/brasil\/wp-json\/wp\/v2\/posts\/3434","targetHints":{"allow":["GET"]}}],"collection":[{"href":"https:\/\/franciscanas.org\/portal\/brasil\/wp-json\/wp\/v2\/posts"}],"about":[{"href":"https:\/\/franciscanas.org\/portal\/brasil\/wp-json\/wp\/v2\/types\/post"}],"author":[{"embeddable":true,"href":"https:\/\/franciscanas.org\/portal\/brasil\/wp-json\/wp\/v2\/users\/1"}],"replies":[{"embeddable":true,"href":"https:\/\/franciscanas.org\/portal\/brasil\/wp-json\/wp\/v2\/comments?post=3434"}],"version-history":[{"count":3,"href":"https:\/\/franciscanas.org\/portal\/brasil\/wp-json\/wp\/v2\/posts\/3434\/revisions"}],"predecessor-version":[{"id":3439,"href":"https:\/\/franciscanas.org\/portal\/brasil\/wp-json\/wp\/v2\/posts\/3434\/revisions\/3439"}],"wp:featuredmedia":[{"embeddable":true,"href":"https:\/\/franciscanas.org\/portal\/brasil\/wp-json\/wp\/v2\/media\/3440"}],"wp:attachment":[{"href":"https:\/\/franciscanas.org\/portal\/brasil\/wp-json\/wp\/v2\/media?parent=3434"}],"wp:term":[{"taxonomy":"category","embeddable":true,"href":"https:\/\/franciscanas.org\/portal\/brasil\/wp-json\/wp\/v2\/categories?post=3434"},{"taxonomy":"post_tag","embeddable":true,"href":"https:\/\/franciscanas.org\/portal\/brasil\/wp-json\/wp\/v2\/tags?post=3434"}],"curies":[{"name":"wp","href":"https:\/\/api.w.org\/{rel}","templated":true}]}}