{"id":3420,"date":"2023-11-17T20:30:00","date_gmt":"2023-11-17T23:30:00","guid":{"rendered":"https:\/\/franciscanas.org\/portal\/brasil\/?p=3420"},"modified":"2023-11-17T17:23:21","modified_gmt":"2023-11-17T20:23:21","slug":"33o-domingo-do-tempo-comum","status":"publish","type":"post","link":"https:\/\/franciscanas.org\/portal\/brasil\/evangelho-do-domingo\/33o-domingo-do-tempo-comum\/","title":{"rendered":"33\u00ba Domingo do tempo Comum"},"content":{"rendered":"\n<p class=\"has-vivid-red-color has-text-color\"><strong>EVANGELHO <\/strong>Mateus 25, 14-30<\/p>\n\n\n\n<p>Naquele tempo,<br>Jesus contou esta par\u00e1bola a seus disc\u00edpulos:<br>14 &#8220;Um homem ia viajar para o estrangeiro. Chamou seus empregados e lhes entregou seus bens.<br>15 A um deu cinco talentos, a outro deu dois e ao terceiro, um; a cada qual de acordo com a sua capacidade. Em seguida viajou.<br>16 O empregado que havia recebido cinco talentos saiu logo, trabalhou com eles, e lucrou outros cinco.<br>17 Do mesmo modo, o que havia recebido dois lucrou outros dois.<br>18 Mas aquele que havia recebido um s\u00f3, saiu, cavou um buraco na terra, e escondeu o dinheiro do seu patr\u00e3o.<br>19 Depois de muito tempo, o patr\u00e3o voltou e foi acertar contas com os empregados.<br>20 O empregado que havia recebido cinco talentos entregou-lhe mais cinco, dizendo: &#8216;Senhor, tu me entregaste cinco talentos. Aqui est\u00e3o mais cinco que lucrei&#8217;.<br>21 O patr\u00e3o lhe disse: &#8216;Muito bem, servo bom e fiel! como foste fiel na administra\u00e7\u00e3o de t\u00e3o pouco, eu te confiarei muito mais. Vem participar da minha alegria!&#8217;<br>22 Chegou tamb\u00e9m o que havia recebido dois talentos, e disse: &#8216;Senhor, tu me entregaste dois talentos. Aqui est\u00e3o mais dois que lucrei&#8217;.<br>23 O patr\u00e3o lhe disse: &#8216;Muito bem, servo bom e fiel! Como foste fiel na administra\u00e7\u00e3o de t\u00e3o pouco, eu te confiarei muito mais. Vem participar da minha alegria!&#8217;<br>24 Por fim, chegou aquele que havia recebido um talento, e disse: &#8216;Senhor, sei que \u00e9s um homem severo, pois colhes onde n\u00e3o plantaste e ceifas onde n\u00e3o semeaste.<br>25 Por isso, fiquei com medo e escondi o teu talento no ch\u00e3o. Aqui tens o que te pertence&#8217;.<br>26 O patr\u00e3o lhe respondeu: &#8216;Servo mau e pregui\u00e7oso! Tu sabias que eu colho onde n\u00e3o plantei e que ceifo onde n\u00e3o semeei?<br>27 Ent\u00e3o, devias ter depositado meu dinheiro no banco, para que, ao voltar, eu recebesse com juros o que me pertence&#8217;.<br>28 Em seguida, o patr\u00e3o ordenou:Tirai dele o talento e dai-o \u00e0quele que tem dez!<br>29 Porque a todo aquele que tem ser\u00e1 dado mais, e ter\u00e1 em abund\u00e2ncia, mas daquele que n\u00e3o tem, at\u00e9 o que tem lhe ser\u00e1 tirado.<br>30 Quanto a este servo in\u00fatil, jogai-o l\u00e1 fora, na escurid\u00e3o. A\u00ed haver\u00e1 choro e ranger de dentes!&#8217; &#8220;.<\/p>\n\n\n\n<p class=\"has-vivid-red-color has-text-color\">Palavra da Salva\u00e7\u00e3o.<\/p>\n","protected":false},"excerpt":{"rendered":"<p>\u201c&#8230;eu te confiarei muito mais. Vem participar da minha alegria (Mt 25, 23)!<\/p>\n","protected":false},"author":1,"featured_media":3423,"comment_status":"closed","ping_status":"closed","sticky":false,"template":"","format":"standard","meta":{"_et_pb_use_builder":"off","_et_pb_old_content":"","_et_gb_content_width":"1200","footnotes":""},"categories":[106],"tags":[],"class_list":["post-3420","post","type-post","status-publish","format-standard","has-post-thumbnail","hentry","category-evangelho-do-domingo"],"_links":{"self":[{"href":"https:\/\/franciscanas.org\/portal\/brasil\/wp-json\/wp\/v2\/posts\/3420","targetHints":{"allow":["GET"]}}],"collection":[{"href":"https:\/\/franciscanas.org\/portal\/brasil\/wp-json\/wp\/v2\/posts"}],"about":[{"href":"https:\/\/franciscanas.org\/portal\/brasil\/wp-json\/wp\/v2\/types\/post"}],"author":[{"embeddable":true,"href":"https:\/\/franciscanas.org\/portal\/brasil\/wp-json\/wp\/v2\/users\/1"}],"replies":[{"embeddable":true,"href":"https:\/\/franciscanas.org\/portal\/brasil\/wp-json\/wp\/v2\/comments?post=3420"}],"version-history":[{"count":1,"href":"https:\/\/franciscanas.org\/portal\/brasil\/wp-json\/wp\/v2\/posts\/3420\/revisions"}],"predecessor-version":[{"id":3421,"href":"https:\/\/franciscanas.org\/portal\/brasil\/wp-json\/wp\/v2\/posts\/3420\/revisions\/3421"}],"wp:featuredmedia":[{"embeddable":true,"href":"https:\/\/franciscanas.org\/portal\/brasil\/wp-json\/wp\/v2\/media\/3423"}],"wp:attachment":[{"href":"https:\/\/franciscanas.org\/portal\/brasil\/wp-json\/wp\/v2\/media?parent=3420"}],"wp:term":[{"taxonomy":"category","embeddable":true,"href":"https:\/\/franciscanas.org\/portal\/brasil\/wp-json\/wp\/v2\/categories?post=3420"},{"taxonomy":"post_tag","embeddable":true,"href":"https:\/\/franciscanas.org\/portal\/brasil\/wp-json\/wp\/v2\/tags?post=3420"}],"curies":[{"name":"wp","href":"https:\/\/api.w.org\/{rel}","templated":true}]}}