{"id":3408,"date":"2023-11-10T20:30:00","date_gmt":"2023-11-10T23:30:00","guid":{"rendered":"https:\/\/franciscanas.org\/portal\/brasil\/?p=3408"},"modified":"2023-11-05T13:24:56","modified_gmt":"2023-11-05T16:24:56","slug":"32o-domingo-do-tempo-comum","status":"publish","type":"post","link":"https:\/\/franciscanas.org\/portal\/brasil\/evangelho-do-domingo\/32o-domingo-do-tempo-comum\/","title":{"rendered":"32\u00ba Domingo do Tempo Comum"},"content":{"rendered":"\n<p class=\"has-vivid-red-color has-text-color\"><strong>Evangelho<\/strong> de  Mateus 25, 1-13<\/p>\n\n\n\n<p>Naquele tempo, disse Jesus a seus disc\u00edpulos esta par\u00e1bola:<br>1 &#8220;O Reino dos C\u00e9us \u00e9 como a hist\u00f3ria das dez jovens que pegaram suas l\u00e2mpadas de \u00f3leo e sa\u00edram ao encontro do noivo.<br>2 Cinco delas eram imprevidentes, e as outras cinco eram previdentes.<br>3 As imprevidentes pegaram as suas l\u00e2mpadas,<br>mas n\u00e3o levaram \u00f3leo consigo.<br>4 As previdentes, por\u00e9m, levaram vasilhas com \u00f3leo junto com as l\u00e2mpadas.<br>5 O noivo estava demorando, e todas elas acabaram cochilando e dormindo.<br>6 No meio da noite, ouviu-se um grito: \u2018O noivo est\u00e1 chegando. Ide ao seu encontro!&#8217;<br>7 Ent\u00e3o as dez jovens se levantaram e prepararam as l\u00e2mpadas.<br>8 As imprevidentes disseram \u00e0s previdentes: &#8216;Dai-nos um pouco de \u00f3leo, porque nossas l\u00e2mpadas est\u00e3o se apagando&#8217;.<br>9 As previdentes responderam: &#8216;De modo nenhum, porque o \u00f3leo pode ser insuficiente para n\u00f3s e para v\u00f3s. \u00c9 melhor irdes comprar dos vendedores&#8217;.<br>10 Enquanto elas foram comprar \u00f3leo, o noivo chegou, e as que estavam preparadas entraram com ele para a festa de casamento. E a porta se fechou.<br>11 Por fim, chegaram tamb\u00e9m as outras jovens e disseram: &#8216;Senhor! Senhor! Abre-nos a porta!&#8217;<br>12 Ele, por\u00e9m, respondeu: &#8216;Em verdade eu vos digo: N\u00e3o vos conhe\u00e7o!&#8217;<br>13 Portanto, ficai vigiando, pois n\u00e3o sabeis qual ser\u00e1 o dia, nem a hora&#8221;.<\/p>\n\n\n\n<p class=\"has-vivid-red-color has-text-color\">Palavra da Salva\u00e7\u00e3o.<\/p>\n","protected":false},"excerpt":{"rendered":"<p>Evangelho de Mateus 25, 1-13 Naquele tempo, disse Jesus a seus disc\u00edpulos esta par\u00e1bola:1 &#8220;O Reino dos C\u00e9us \u00e9 como a hist\u00f3ria das dez jovens que pegaram suas l\u00e2mpadas de \u00f3leo e sa\u00edram ao encontro do noivo.2 Cinco delas eram imprevidentes, e as outras cinco eram previdentes.3 As imprevidentes pegaram as suas l\u00e2mpadas,mas n\u00e3o levaram [&hellip;]<\/p>\n","protected":false},"author":1,"featured_media":3410,"comment_status":"closed","ping_status":"closed","sticky":false,"template":"","format":"standard","meta":{"_et_pb_use_builder":"off","_et_pb_old_content":"","_et_gb_content_width":"1200","footnotes":""},"categories":[106],"tags":[],"class_list":["post-3408","post","type-post","status-publish","format-standard","has-post-thumbnail","hentry","category-evangelho-do-domingo"],"_links":{"self":[{"href":"https:\/\/franciscanas.org\/portal\/brasil\/wp-json\/wp\/v2\/posts\/3408","targetHints":{"allow":["GET"]}}],"collection":[{"href":"https:\/\/franciscanas.org\/portal\/brasil\/wp-json\/wp\/v2\/posts"}],"about":[{"href":"https:\/\/franciscanas.org\/portal\/brasil\/wp-json\/wp\/v2\/types\/post"}],"author":[{"embeddable":true,"href":"https:\/\/franciscanas.org\/portal\/brasil\/wp-json\/wp\/v2\/users\/1"}],"replies":[{"embeddable":true,"href":"https:\/\/franciscanas.org\/portal\/brasil\/wp-json\/wp\/v2\/comments?post=3408"}],"version-history":[{"count":1,"href":"https:\/\/franciscanas.org\/portal\/brasil\/wp-json\/wp\/v2\/posts\/3408\/revisions"}],"predecessor-version":[{"id":3411,"href":"https:\/\/franciscanas.org\/portal\/brasil\/wp-json\/wp\/v2\/posts\/3408\/revisions\/3411"}],"wp:featuredmedia":[{"embeddable":true,"href":"https:\/\/franciscanas.org\/portal\/brasil\/wp-json\/wp\/v2\/media\/3410"}],"wp:attachment":[{"href":"https:\/\/franciscanas.org\/portal\/brasil\/wp-json\/wp\/v2\/media?parent=3408"}],"wp:term":[{"taxonomy":"category","embeddable":true,"href":"https:\/\/franciscanas.org\/portal\/brasil\/wp-json\/wp\/v2\/categories?post=3408"},{"taxonomy":"post_tag","embeddable":true,"href":"https:\/\/franciscanas.org\/portal\/brasil\/wp-json\/wp\/v2\/tags?post=3408"}],"curies":[{"name":"wp","href":"https:\/\/api.w.org\/{rel}","templated":true}]}}