{"id":3403,"date":"2023-11-03T20:30:00","date_gmt":"2023-11-03T23:30:00","guid":{"rendered":"https:\/\/franciscanas.org\/portal\/brasil\/?p=3403"},"modified":"2023-11-05T12:57:45","modified_gmt":"2023-11-05T15:57:45","slug":"31o-domingo-do-tempo-comum","status":"publish","type":"post","link":"https:\/\/franciscanas.org\/portal\/brasil\/evangelho-do-domingo\/31o-domingo-do-tempo-comum\/","title":{"rendered":"31\u00ba Domingo do Tempo Comum &#8211; Todos os Santos"},"content":{"rendered":"\n<p class=\"has-vivid-red-color has-text-color\"><strong>Evangelho <\/strong>de Mateus 5,1-12a<\/p>\n\n\n\n<p>Naquele tempo,<br>1 vendo Jesus as multid\u00f5es, subiu ao monte e sentou-se. Os disc\u00edpulos aproximaram-se,<br>2 e Jesus come\u00e7ou a ensin\u00e1-los:<br>3 &#8220;Bem-aventurados os pobres em esp\u00edrito, porque deles \u00e9 o Reino dos C\u00e9us.<br>4 Bem-aventurados os aflitos, porque ser\u00e3o consolados.<br>5 Bem-aventurados os mansos, porque possuir\u00e3o a terra.<br>6 Bem-aventurados os que t\u00eam fome e sede de justi\u00e7a, porque ser\u00e3o saciados.<br>7 Bem-aventurados os misericordiosos, porque alcan\u00e7ar\u00e3o miseric\u00f3rdia.<br>8 Bem-aventurados os puros de cora\u00e7\u00e3o, porque ver\u00e3o a Deus.<br>9 Bem-aventurados os que promovem a paz, porque ser\u00e3o chamados filhos de Deus.<br>10 Bem-aventurados os que s\u00e3o perseguidos por causa da justi\u00e7a, porque deles \u00e9 o Reino dos C\u00e9us.<br>11 Bem-aventurados sois v\u00f3s, quando vos injuriarem e perseguirem, e mentindo, disserem todo tipo de mal contra v\u00f3s, por causa de mim.<br>12 Alegrai-vos e exultai, porque ser\u00e1 grande a vossa recompensa nos c\u00e9us&#8221;.<\/p>\n\n\n\n<p class=\"has-vivid-red-color has-text-color\">Palavra da Salva\u00e7\u00e3o.<\/p>\n\n\n\n<p><\/p>\n","protected":false},"excerpt":{"rendered":"<p>Evangelho de Mateus 5,1-12a Naquele tempo,1 vendo Jesus as multid\u00f5es, subiu ao monte e sentou-se. Os disc\u00edpulos aproximaram-se,2 e Jesus come\u00e7ou a ensin\u00e1-los:3 &#8220;Bem-aventurados os pobres em esp\u00edrito, porque deles \u00e9 o Reino dos C\u00e9us.4 Bem-aventurados os aflitos, porque ser\u00e3o consolados.5 Bem-aventurados os mansos, porque possuir\u00e3o a terra.6 Bem-aventurados os que t\u00eam fome e sede [&hellip;]<\/p>\n","protected":false},"author":1,"featured_media":3404,"comment_status":"closed","ping_status":"closed","sticky":false,"template":"","format":"standard","meta":{"_et_pb_use_builder":"off","_et_pb_old_content":"","_et_gb_content_width":"1200","footnotes":""},"categories":[106],"tags":[],"class_list":["post-3403","post","type-post","status-publish","format-standard","has-post-thumbnail","hentry","category-evangelho-do-domingo"],"_links":{"self":[{"href":"https:\/\/franciscanas.org\/portal\/brasil\/wp-json\/wp\/v2\/posts\/3403","targetHints":{"allow":["GET"]}}],"collection":[{"href":"https:\/\/franciscanas.org\/portal\/brasil\/wp-json\/wp\/v2\/posts"}],"about":[{"href":"https:\/\/franciscanas.org\/portal\/brasil\/wp-json\/wp\/v2\/types\/post"}],"author":[{"embeddable":true,"href":"https:\/\/franciscanas.org\/portal\/brasil\/wp-json\/wp\/v2\/users\/1"}],"replies":[{"embeddable":true,"href":"https:\/\/franciscanas.org\/portal\/brasil\/wp-json\/wp\/v2\/comments?post=3403"}],"version-history":[{"count":2,"href":"https:\/\/franciscanas.org\/portal\/brasil\/wp-json\/wp\/v2\/posts\/3403\/revisions"}],"predecessor-version":[{"id":3407,"href":"https:\/\/franciscanas.org\/portal\/brasil\/wp-json\/wp\/v2\/posts\/3403\/revisions\/3407"}],"wp:featuredmedia":[{"embeddable":true,"href":"https:\/\/franciscanas.org\/portal\/brasil\/wp-json\/wp\/v2\/media\/3404"}],"wp:attachment":[{"href":"https:\/\/franciscanas.org\/portal\/brasil\/wp-json\/wp\/v2\/media?parent=3403"}],"wp:term":[{"taxonomy":"category","embeddable":true,"href":"https:\/\/franciscanas.org\/portal\/brasil\/wp-json\/wp\/v2\/categories?post=3403"},{"taxonomy":"post_tag","embeddable":true,"href":"https:\/\/franciscanas.org\/portal\/brasil\/wp-json\/wp\/v2\/tags?post=3403"}],"curies":[{"name":"wp","href":"https:\/\/api.w.org\/{rel}","templated":true}]}}