{"id":3229,"date":"2023-10-27T20:30:00","date_gmt":"2023-10-27T23:30:00","guid":{"rendered":"https:\/\/franciscanas.org\/portal\/brasil\/?p=3229"},"modified":"2023-11-17T16:44:52","modified_gmt":"2023-11-17T19:44:52","slug":"30o-domingo-do-tempo-comum","status":"publish","type":"post","link":"https:\/\/franciscanas.org\/portal\/brasil\/evangelho-do-domingo\/30o-domingo-do-tempo-comum\/","title":{"rendered":"30\u00ba Domingo do Tempo Comum"},"content":{"rendered":"\n<p class=\"has-vivid-red-color has-text-color\"><strong>EVANGELHO <\/strong>de Mateus 22,34-40<\/p>\n\n\n\n<p>Naquele tempo,<br>34 Os fariseus ouviram dizer que Jesus tinha feito calar os saduceus. Ent\u00e3o eles se reuniram em grupo,<br>35 e um deles perguntou a Jesus, para experiment\u00e1-lo:<br>36 &#8220;Mestre, qual \u00e9 o maior mandamento da Lei?&#8221;<br>37 Jesus respondeu: &#8220;&#8216;Amar\u00e1s o Senhor teu Deus de todo o teu cora\u00e7\u00e3o, de toda a tua alma, e de todo o teu entendimento!&#8217;<br>38 Esse \u00e9 o maior e o primeiro mandamento.<br>39 O segundo \u00e9 semelhante a esse: &#8216;Amar\u00e1s ao teu pr\u00f3ximo como a ti mesmo&#8217;.<br>40 Toda a Lei e os profetas dependem desses dois mandamentos&#8221;.<\/p>\n\n\n\n<p class=\"has-vivid-red-color has-text-color\">Palavra da Salva\u00e7\u00e3o.<\/p>\n\n\n\n<p><\/p>\n\n\n\n<p><\/p>\n","protected":false},"excerpt":{"rendered":"<p>Qual \u00e9 o maior mandamento?<\/p>\n","protected":false},"author":1,"featured_media":3316,"comment_status":"closed","ping_status":"closed","sticky":false,"template":"","format":"standard","meta":{"_et_pb_use_builder":"off","_et_pb_old_content":"","_et_gb_content_width":"1200","footnotes":""},"categories":[106],"tags":[],"class_list":["post-3229","post","type-post","status-publish","format-standard","has-post-thumbnail","hentry","category-evangelho-do-domingo"],"_links":{"self":[{"href":"https:\/\/franciscanas.org\/portal\/brasil\/wp-json\/wp\/v2\/posts\/3229","targetHints":{"allow":["GET"]}}],"collection":[{"href":"https:\/\/franciscanas.org\/portal\/brasil\/wp-json\/wp\/v2\/posts"}],"about":[{"href":"https:\/\/franciscanas.org\/portal\/brasil\/wp-json\/wp\/v2\/types\/post"}],"author":[{"embeddable":true,"href":"https:\/\/franciscanas.org\/portal\/brasil\/wp-json\/wp\/v2\/users\/1"}],"replies":[{"embeddable":true,"href":"https:\/\/franciscanas.org\/portal\/brasil\/wp-json\/wp\/v2\/comments?post=3229"}],"version-history":[{"count":1,"href":"https:\/\/franciscanas.org\/portal\/brasil\/wp-json\/wp\/v2\/posts\/3229\/revisions"}],"predecessor-version":[{"id":3230,"href":"https:\/\/franciscanas.org\/portal\/brasil\/wp-json\/wp\/v2\/posts\/3229\/revisions\/3230"}],"wp:featuredmedia":[{"embeddable":true,"href":"https:\/\/franciscanas.org\/portal\/brasil\/wp-json\/wp\/v2\/media\/3316"}],"wp:attachment":[{"href":"https:\/\/franciscanas.org\/portal\/brasil\/wp-json\/wp\/v2\/media?parent=3229"}],"wp:term":[{"taxonomy":"category","embeddable":true,"href":"https:\/\/franciscanas.org\/portal\/brasil\/wp-json\/wp\/v2\/categories?post=3229"},{"taxonomy":"post_tag","embeddable":true,"href":"https:\/\/franciscanas.org\/portal\/brasil\/wp-json\/wp\/v2\/tags?post=3229"}],"curies":[{"name":"wp","href":"https:\/\/api.w.org\/{rel}","templated":true}]}}