{"id":3227,"date":"2023-10-20T20:30:00","date_gmt":"2023-10-20T23:30:00","guid":{"rendered":"https:\/\/franciscanas.org\/portal\/brasil\/?p=3227"},"modified":"2023-10-16T21:48:19","modified_gmt":"2023-10-17T00:48:19","slug":"29o-domingo-do-tempo-comum","status":"publish","type":"post","link":"https:\/\/franciscanas.org\/portal\/brasil\/evangelho-do-domingo\/29o-domingo-do-tempo-comum\/","title":{"rendered":"29\u00ba Domingo do Tempo Comum"},"content":{"rendered":"\n<p class=\"has-vivid-red-color has-text-color\"><strong>EVANGELHO<\/strong> de Mateus 22, 15-21<\/p>\n\n\n\n<p>Naquele tempo,<br>15 Os fariseus fizeram um plano para apanhar Jesus em alguma palavra.<br>16 Ent\u00e3o mandaram os seus disc\u00edpulos, junto com alguns do partido de Herodes, para dizerem a Jesus: &#8220;Mestre, sabemos que \u00e9s verdadeiro e que, de fato, ensinas o caminho de Deus.<br>N\u00e3o te deixas influenciar pela opini\u00e3o dos outros, pois n\u00e3o julgas um homem pelas apar\u00eancias.<br>17 Dize-nos, pois, o que pensas: \u00c9 l\u00edcito ou n\u00e3o pagar imposto a C\u00e9sar?&#8221;<br>18 Jesus percebeu a maldade deles e disse: &#8220;Hip\u00f3critas! Por que me preparais uma armadilha?<br>19 Mostrai-me a moeda do imposto!&#8221; Levaram-lhe ent\u00e3o a moeda.<br>20 E Jesus disse: &#8220;De quem \u00e9 a figura e a inscri\u00e7\u00e3o desta moeda?&#8221;<br>21 Eles responderam: &#8220;De C\u00e9sar&#8221;. Jesus ent\u00e3o lhes disse: &#8220;Dai pois a C\u00e9sar o que \u00e9 de C\u00e9sar, e a Deus o que \u00e9 de Deus&#8221;.<\/p>\n\n\n\n<p class=\"has-vivid-red-color has-text-color\">Palavra da Salva\u00e7\u00e3o.<\/p>\n\n\n\n<p><\/p>\n","protected":false},"excerpt":{"rendered":"<p>Dai pois a C\u00e9sar o que \u00e9 de C\u00e9sar, e a Deus o que \u00e9 de Deus.<\/p>\n","protected":false},"author":1,"featured_media":3317,"comment_status":"closed","ping_status":"closed","sticky":false,"template":"","format":"standard","meta":{"_et_pb_use_builder":"off","_et_pb_old_content":"","_et_gb_content_width":"1200","footnotes":""},"categories":[106],"tags":[],"class_list":["post-3227","post","type-post","status-publish","format-standard","has-post-thumbnail","hentry","category-evangelho-do-domingo"],"_links":{"self":[{"href":"https:\/\/franciscanas.org\/portal\/brasil\/wp-json\/wp\/v2\/posts\/3227","targetHints":{"allow":["GET"]}}],"collection":[{"href":"https:\/\/franciscanas.org\/portal\/brasil\/wp-json\/wp\/v2\/posts"}],"about":[{"href":"https:\/\/franciscanas.org\/portal\/brasil\/wp-json\/wp\/v2\/types\/post"}],"author":[{"embeddable":true,"href":"https:\/\/franciscanas.org\/portal\/brasil\/wp-json\/wp\/v2\/users\/1"}],"replies":[{"embeddable":true,"href":"https:\/\/franciscanas.org\/portal\/brasil\/wp-json\/wp\/v2\/comments?post=3227"}],"version-history":[{"count":3,"href":"https:\/\/franciscanas.org\/portal\/brasil\/wp-json\/wp\/v2\/posts\/3227\/revisions"}],"predecessor-version":[{"id":3314,"href":"https:\/\/franciscanas.org\/portal\/brasil\/wp-json\/wp\/v2\/posts\/3227\/revisions\/3314"}],"wp:featuredmedia":[{"embeddable":true,"href":"https:\/\/franciscanas.org\/portal\/brasil\/wp-json\/wp\/v2\/media\/3317"}],"wp:attachment":[{"href":"https:\/\/franciscanas.org\/portal\/brasil\/wp-json\/wp\/v2\/media?parent=3227"}],"wp:term":[{"taxonomy":"category","embeddable":true,"href":"https:\/\/franciscanas.org\/portal\/brasil\/wp-json\/wp\/v2\/categories?post=3227"},{"taxonomy":"post_tag","embeddable":true,"href":"https:\/\/franciscanas.org\/portal\/brasil\/wp-json\/wp\/v2\/tags?post=3227"}],"curies":[{"name":"wp","href":"https:\/\/api.w.org\/{rel}","templated":true}]}}