{"id":3224,"date":"2023-10-13T20:30:00","date_gmt":"2023-10-13T23:30:00","guid":{"rendered":"https:\/\/franciscanas.org\/portal\/brasil\/?p=3224"},"modified":"2023-10-04T17:32:35","modified_gmt":"2023-10-04T20:32:35","slug":"28o-domingo-do-tempo-comum","status":"publish","type":"post","link":"https:\/\/franciscanas.org\/portal\/brasil\/evangelho-do-domingo\/28o-domingo-do-tempo-comum\/","title":{"rendered":"28\u00ba Domingo do Tempo Comum"},"content":{"rendered":"\n<p class=\"has-vivid-red-color has-text-color\"><strong>EVANGELHO<\/strong> de Mateus 22, 1-14<\/p>\n\n\n\n<p>Naquele tempo,<br>1 Jesus voltou a falar em par\u00e1bolas aos sumos sacerdotes e aos anci\u00e3os do povo, dizendo:<br>2 &#8220;O Reino dos C\u00e9us \u00e9 como a hist\u00f3ria do rei que preparou a festa de casamento do seu filho.<br>3 E mandou os seus empregados para chamar os convidados para a festa, mas estes n\u00e3o quiseram vir.<br>4 O rei mandou outros empregados, dizendo: &#8216;Dizei aos convidados: j\u00e1 preparei o banquete, os bois e os animais cevados j\u00e1 foram abatidos e tudo est\u00e1 pronto. Vinde para a festa!&#8217;<br>5 Mas os convidados n\u00e3o deram a menor aten\u00e7\u00e3o: um foi para o seu campo, outro para os seus neg\u00f3cios,<br>6 outros agarraram os empregados, bateram neles e os mataram.<br>7 O rei ficou indignado e mandou suas tropas<br>para matar aqueles assassinos e incendiar a cidade deles.<br>8 Em seguida, o rei disse aos empregados: &#8216;A festa de casamento est\u00e1 pronta, mas os convidados n\u00e3o foram dignos dela.<br>9 Portanto, ide at\u00e9 \u00e0s encruzilhadas dos caminhos e convidai para a festa todos os que encontrardes&#8217;.<br>10 Ent\u00e3o os empregados sa\u00edram pelos caminhos e reuniram todos os que encontraram, maus e bons. E a sala da festa ficou cheia de convidados.<br>11 Quando o rei entrou para ver os convidados,<br>observou a\u00ed um homem que n\u00e3o estava usando traje de festa<br>12 e perguntou-lhe: &#8216;Amigo, como entraste aqui sem o traje de festa?&#8217; Mas o homem nada respondeu.<br>13 Ent\u00e3o o rei disse aos que serviam: &#8216;Amarrai os p\u00e9s e as m\u00e3os desse homem e jogai-o fora, na escurid\u00e3o! A\u00ed haver\u00e1 choro e ranger de dentes&#8217;.<br>14 Por que muitos s\u00e3o chamados, e poucos s\u00e3o escolhidos&#8221;.<\/p>\n\n\n\n<p class=\"has-vivid-red-color has-text-color\">Palavra da Salva\u00e7\u00e3o.<\/p>\n","protected":false},"excerpt":{"rendered":"<p>Vinde para a festa.<\/p>\n","protected":false},"author":1,"featured_media":3225,"comment_status":"closed","ping_status":"closed","sticky":false,"template":"","format":"standard","meta":{"_et_pb_use_builder":"off","_et_pb_old_content":"","_et_gb_content_width":"1200","footnotes":""},"categories":[106],"tags":[],"class_list":["post-3224","post","type-post","status-publish","format-standard","has-post-thumbnail","hentry","category-evangelho-do-domingo"],"_links":{"self":[{"href":"https:\/\/franciscanas.org\/portal\/brasil\/wp-json\/wp\/v2\/posts\/3224","targetHints":{"allow":["GET"]}}],"collection":[{"href":"https:\/\/franciscanas.org\/portal\/brasil\/wp-json\/wp\/v2\/posts"}],"about":[{"href":"https:\/\/franciscanas.org\/portal\/brasil\/wp-json\/wp\/v2\/types\/post"}],"author":[{"embeddable":true,"href":"https:\/\/franciscanas.org\/portal\/brasil\/wp-json\/wp\/v2\/users\/1"}],"replies":[{"embeddable":true,"href":"https:\/\/franciscanas.org\/portal\/brasil\/wp-json\/wp\/v2\/comments?post=3224"}],"version-history":[{"count":1,"href":"https:\/\/franciscanas.org\/portal\/brasil\/wp-json\/wp\/v2\/posts\/3224\/revisions"}],"predecessor-version":[{"id":3226,"href":"https:\/\/franciscanas.org\/portal\/brasil\/wp-json\/wp\/v2\/posts\/3224\/revisions\/3226"}],"wp:featuredmedia":[{"embeddable":true,"href":"https:\/\/franciscanas.org\/portal\/brasil\/wp-json\/wp\/v2\/media\/3225"}],"wp:attachment":[{"href":"https:\/\/franciscanas.org\/portal\/brasil\/wp-json\/wp\/v2\/media?parent=3224"}],"wp:term":[{"taxonomy":"category","embeddable":true,"href":"https:\/\/franciscanas.org\/portal\/brasil\/wp-json\/wp\/v2\/categories?post=3224"},{"taxonomy":"post_tag","embeddable":true,"href":"https:\/\/franciscanas.org\/portal\/brasil\/wp-json\/wp\/v2\/tags?post=3224"}],"curies":[{"name":"wp","href":"https:\/\/api.w.org\/{rel}","templated":true}]}}