{"id":3221,"date":"2023-10-06T20:30:00","date_gmt":"2023-10-06T23:30:00","guid":{"rendered":"https:\/\/franciscanas.org\/portal\/brasil\/?p=3221"},"modified":"2023-10-04T14:57:31","modified_gmt":"2023-10-04T17:57:31","slug":"27-domingo-do-tempo-comum","status":"publish","type":"post","link":"https:\/\/franciscanas.org\/portal\/brasil\/evangelho-do-domingo\/27-domingo-do-tempo-comum\/","title":{"rendered":"27\u00b0 Domingo do Tempo Comum"},"content":{"rendered":"\n<p class=\"has-vivid-red-color has-text-color\"><strong>EVANGELHO<\/strong> de Mateus 21,33-43<\/p>\n\n\n\n<p>Naquele tempo, Jesus disse aos sumos sacerdotes e aos anci\u00e3os do povo:<br>33 &#8220;Escutai esta outra par\u00e1bola: Certo propriet\u00e1rio plantou uma vinha, p\u00f4s uma cerca em volta, fez nela um lagar para esmagar as uvas, e construiu uma torre de guarda. Depois, arrendou-a a vinhateiros, e viajou para o estrangeiro.<br>34 Quando chegou o tempo da colheita, o propriet\u00e1rio mandou seus empregados aos vinhateiros para receber seus frutos.<br>35 Os vinhateiros, por\u00e9m, agarraram os empregados, espancaram a um, mataram a outro, e ao terceiro apedrejaram.<br>36 O propriet\u00e1rio mandou de novo outros empregados, em maior n\u00famero do que os primeiros. Mas eles os trataram da mesma forma.<br>37 Finalmente, o propriet\u00e1rio enviou-lhes o seu filho, pensando: &#8216;Ao meu filho eles v\u00e3o respeitar&#8217;.<br>38 Os vinhateiros, por\u00e9m, ao verem o filho, disseram entre si: &#8216;Este \u00e9 o herdeiro. Vinde, vamos mat\u00e1-lo e tomar posse da sua heran\u00e7a!&#8217;<br>39 Ent\u00e3o agarraram o filho, jogaram-no para fora da vinha e o mataram.<br>40 Pois bem, quando o dono da vinha voltar, o que far\u00e1 com esses vinhateiros?&#8221;<br>41 Os sumos sacerdotes e os anci\u00e3os do povo responderam: &#8220;Com certeza mandar\u00e1 matar de modo violento esses perversos e arrendar\u00e1 a vinha a outros vinhateiros, que lhe entregar\u00e3o os frutos no tempo certo&#8221;.<br>42 Ent\u00e3o Jesus lhes disse: &#8220;V\u00f3s nunca lestes nas Escrituras:<br>&#8216;A pedra que os construtores rejeitaram tornou-se a pedra angular; isto foi feito pelo Senhor e \u00e9 maravilhoso aos nossos olhos?&#8217;<br>43 Por isso, eu vos digo: o Reino de Deus vos ser\u00e1 tirado e ser\u00e1 entregue a um povo que produzir\u00e1 frutos&#8221;.<\/p>\n\n\n\n<p class=\"has-vivid-red-color has-text-color\">Palavra da Salva\u00e7\u00e3o.<\/p>\n\n\n\n<p><\/p>\n","protected":false},"excerpt":{"rendered":"<p>A pedra que os construtores rejeitaram tornou-se a pedra angular.<\/p>\n","protected":false},"author":1,"featured_media":3222,"comment_status":"closed","ping_status":"closed","sticky":false,"template":"","format":"standard","meta":{"_et_pb_use_builder":"off","_et_pb_old_content":"","_et_gb_content_width":"1200","footnotes":""},"categories":[106],"tags":[],"class_list":["post-3221","post","type-post","status-publish","format-standard","has-post-thumbnail","hentry","category-evangelho-do-domingo"],"_links":{"self":[{"href":"https:\/\/franciscanas.org\/portal\/brasil\/wp-json\/wp\/v2\/posts\/3221","targetHints":{"allow":["GET"]}}],"collection":[{"href":"https:\/\/franciscanas.org\/portal\/brasil\/wp-json\/wp\/v2\/posts"}],"about":[{"href":"https:\/\/franciscanas.org\/portal\/brasil\/wp-json\/wp\/v2\/types\/post"}],"author":[{"embeddable":true,"href":"https:\/\/franciscanas.org\/portal\/brasil\/wp-json\/wp\/v2\/users\/1"}],"replies":[{"embeddable":true,"href":"https:\/\/franciscanas.org\/portal\/brasil\/wp-json\/wp\/v2\/comments?post=3221"}],"version-history":[{"count":1,"href":"https:\/\/franciscanas.org\/portal\/brasil\/wp-json\/wp\/v2\/posts\/3221\/revisions"}],"predecessor-version":[{"id":3223,"href":"https:\/\/franciscanas.org\/portal\/brasil\/wp-json\/wp\/v2\/posts\/3221\/revisions\/3223"}],"wp:featuredmedia":[{"embeddable":true,"href":"https:\/\/franciscanas.org\/portal\/brasil\/wp-json\/wp\/v2\/media\/3222"}],"wp:attachment":[{"href":"https:\/\/franciscanas.org\/portal\/brasil\/wp-json\/wp\/v2\/media?parent=3221"}],"wp:term":[{"taxonomy":"category","embeddable":true,"href":"https:\/\/franciscanas.org\/portal\/brasil\/wp-json\/wp\/v2\/categories?post=3221"},{"taxonomy":"post_tag","embeddable":true,"href":"https:\/\/franciscanas.org\/portal\/brasil\/wp-json\/wp\/v2\/tags?post=3221"}],"curies":[{"name":"wp","href":"https:\/\/api.w.org\/{rel}","templated":true}]}}