{"id":3069,"date":"2023-09-29T20:30:00","date_gmt":"2023-09-29T23:30:00","guid":{"rendered":"https:\/\/franciscanas.org\/portal\/brasil\/?p=3069"},"modified":"2023-09-19T21:49:58","modified_gmt":"2023-09-20T00:49:58","slug":"26o-domingo-do-tempo-comum","status":"publish","type":"post","link":"https:\/\/franciscanas.org\/portal\/brasil\/evangelho-do-domingo\/26o-domingo-do-tempo-comum\/","title":{"rendered":"26\u00ba Domingo do Tempo Comum"},"content":{"rendered":"\n<p class=\"has-vivid-red-color has-text-color\"><strong>EVANGELHO<\/strong> de Mateus 21, 28-32<\/p>\n\n\n\n<p>Naquele tempo, Jesus disse aos sacerdotes e anci\u00e3os do povo:<br>28 &#8220;Que vos parece? Um homem tinha dois filhos. Dirigindo-se ao primeiro, ele disse: &#8216;Filho, vai trabalhar hoje na vinha!&#8217;<br>29 O filho respondeu: &#8216;N\u00e3o quero&#8217;. Mas depois mudou de opini\u00e3o e foi.<br>30 O pai dirigiu-se ao outro filho e disse a mesma coisa. Este respondeu: &#8216;Sim, senhor, eu vou&#8217;. Mas n\u00e3o foi.<br>31 Qual dos dois fez a vontade do pai?&#8221; Os sumos sacerdotes e os anci\u00e3os do povo responderam: &#8220;O primeiro&#8221;. Ent\u00e3o Jesus lhes disse: &#8220;Em verdade vos digo, que os cobradores de impostos e as prostitutas vos precedem no Reino de Deus.<br>32 Porque Jo\u00e3o veio at\u00e9 v\u00f3s, num caminho de justi\u00e7a, e v\u00f3s n\u00e3o acreditastes nele. Ao contr\u00e1rio, os cobradores de impostos e as prostitutas creram nele. V\u00f3s, por\u00e9m, mesmo vendo isso, n\u00e3o vos arrependestes para crer nele&#8221;.<\/p>\n\n\n\n<p class=\"has-vivid-red-color has-text-color\">Palavra da Salva\u00e7\u00e3o.<\/p>\n","protected":false},"excerpt":{"rendered":"<p> Qual dos dois fez a vontade do pai?<\/p>\n","protected":false},"author":1,"featured_media":3156,"comment_status":"closed","ping_status":"closed","sticky":false,"template":"","format":"standard","meta":{"_et_pb_use_builder":"off","_et_pb_old_content":"","_et_gb_content_width":"1200","footnotes":""},"categories":[106],"tags":[],"class_list":["post-3069","post","type-post","status-publish","format-standard","has-post-thumbnail","hentry","category-evangelho-do-domingo"],"_links":{"self":[{"href":"https:\/\/franciscanas.org\/portal\/brasil\/wp-json\/wp\/v2\/posts\/3069","targetHints":{"allow":["GET"]}}],"collection":[{"href":"https:\/\/franciscanas.org\/portal\/brasil\/wp-json\/wp\/v2\/posts"}],"about":[{"href":"https:\/\/franciscanas.org\/portal\/brasil\/wp-json\/wp\/v2\/types\/post"}],"author":[{"embeddable":true,"href":"https:\/\/franciscanas.org\/portal\/brasil\/wp-json\/wp\/v2\/users\/1"}],"replies":[{"embeddable":true,"href":"https:\/\/franciscanas.org\/portal\/brasil\/wp-json\/wp\/v2\/comments?post=3069"}],"version-history":[{"count":3,"href":"https:\/\/franciscanas.org\/portal\/brasil\/wp-json\/wp\/v2\/posts\/3069\/revisions"}],"predecessor-version":[{"id":3157,"href":"https:\/\/franciscanas.org\/portal\/brasil\/wp-json\/wp\/v2\/posts\/3069\/revisions\/3157"}],"wp:featuredmedia":[{"embeddable":true,"href":"https:\/\/franciscanas.org\/portal\/brasil\/wp-json\/wp\/v2\/media\/3156"}],"wp:attachment":[{"href":"https:\/\/franciscanas.org\/portal\/brasil\/wp-json\/wp\/v2\/media?parent=3069"}],"wp:term":[{"taxonomy":"category","embeddable":true,"href":"https:\/\/franciscanas.org\/portal\/brasil\/wp-json\/wp\/v2\/categories?post=3069"},{"taxonomy":"post_tag","embeddable":true,"href":"https:\/\/franciscanas.org\/portal\/brasil\/wp-json\/wp\/v2\/tags?post=3069"}],"curies":[{"name":"wp","href":"https:\/\/api.w.org\/{rel}","templated":true}]}}