{"id":3067,"date":"2023-09-22T20:30:00","date_gmt":"2023-09-22T23:30:00","guid":{"rendered":"https:\/\/franciscanas.org\/portal\/brasil\/?p=3067"},"modified":"2023-09-18T22:05:24","modified_gmt":"2023-09-19T01:05:24","slug":"25o-domingo-do-tempo-comum","status":"publish","type":"post","link":"https:\/\/franciscanas.org\/portal\/brasil\/evangelho-do-domingo\/25o-domingo-do-tempo-comum\/","title":{"rendered":"25\u00ba Domingo do Tempo Comum"},"content":{"rendered":"\n<p class=\"has-vivid-red-color has-text-color\"><strong>EVANGELHO<\/strong> Mateus 20,1-16a<\/p>\n\n\n\n<p>Naquele tempo, Jesus contou esta par\u00e1bola a seus disc\u00edpulos:<br>1 &#8220;O Reino dos C\u00e9us \u00e9 como a hist\u00f3ria do patr\u00e3o que saiu de madrugada para contratar trabalhadores para a sua vinha.<br>2 Combinou com os trabalhadores uma moeda de prata por dia, e os mandou para a vinha.<br>3 \u00c0s nove horas da manh\u00e3, o patr\u00e3o saiu de novo, viu outros que estavam na pra\u00e7a, desocupados,<br>4 e lhes disse: &#8216;Ide tamb\u00e9m v\u00f3s para a minha vinha! E eu vos pagarei o que for justo&#8217;.<br>5 E eles foram. O patr\u00e3o saiu de novo ao meio-dia e \u00e0s tr\u00eas horas da tarde, e fez a mesma coisa.<br>6 Saindo outra vez pelas cinco horas da tarde, encontrou outros que estavam na pra\u00e7a, e lhes disse: &#8216;Por que estais a\u00ed o dia inteiro desocupados?&#8217;<br>7 Eles responderam: &#8216;Porque ningu\u00e9m nos contratou&#8217;. O patr\u00e3o lhes disse: \u201cIde v\u00f3s tamb\u00e9m para a minha vinha&#8217;.<br>8 Quando chegou a tarde, o patr\u00e3o disse ao administrador: &#8216;Chama os trabalhadores e paga-lhes uma di\u00e1ria a todos, come\u00e7ando pelos \u00faltimos at\u00e9 os primeiros!&#8217;<br>9 Vieram os que tinham sido contratados \u00e0s cinco da tarde e cada um recebeu uma moeda de prata.<br>10 Em seguida vieram os que foram contratados primeiro e pensavam que iam receber mais. Por\u00e9m, cada um deles tamb\u00e9m recebeu uma moeda de prata.<br>11 Ao receberem o pagamento, come\u00e7aram a resmungar contra o patr\u00e3o:<br>12 &#8216;Estes \u00faltimos trabalharam uma hora s\u00f3, e tu os igualaste a n\u00f3s, que suportamos o cansa\u00e7o e o calor o dia inteiro&#8217;.<br>13 Ent\u00e3o o patr\u00e3o disse a um deles: &#8216;Amigo, eu n\u00e3o fui injusto contigo. N\u00e3o combinamos uma moeda de prata?<br>14 Toma o que \u00e9 teu e volta para casa! Eu quero dar a este que foi contratado por \u00faltimo o mesmo que dei a ti.<br>15 Por acaso n\u00e3o tenho o direito de fazer o que quero com aquilo que me pertence? Ou est\u00e1s com inveja, porque estou sendo bom?&#8217;<br>16a Assim, os \u00faltimos ser\u00e3o os primeiros, e os primeiros ser\u00e3o os \u00faltimos&#8221;.<\/p>\n\n\n\n<p class=\"has-vivid-red-color has-text-color\">Palavra da Salva\u00e7\u00e3o.<\/p>\n","protected":false},"excerpt":{"rendered":"<p>Ide tamb\u00e9m v\u00f3s para a minha vinha!<\/p>\n","protected":false},"author":1,"featured_media":3152,"comment_status":"closed","ping_status":"closed","sticky":false,"template":"","format":"standard","meta":{"_et_pb_use_builder":"off","_et_pb_old_content":"","_et_gb_content_width":"1200","footnotes":""},"categories":[106],"tags":[],"class_list":["post-3067","post","type-post","status-publish","format-standard","has-post-thumbnail","hentry","category-evangelho-do-domingo"],"_links":{"self":[{"href":"https:\/\/franciscanas.org\/portal\/brasil\/wp-json\/wp\/v2\/posts\/3067","targetHints":{"allow":["GET"]}}],"collection":[{"href":"https:\/\/franciscanas.org\/portal\/brasil\/wp-json\/wp\/v2\/posts"}],"about":[{"href":"https:\/\/franciscanas.org\/portal\/brasil\/wp-json\/wp\/v2\/types\/post"}],"author":[{"embeddable":true,"href":"https:\/\/franciscanas.org\/portal\/brasil\/wp-json\/wp\/v2\/users\/1"}],"replies":[{"embeddable":true,"href":"https:\/\/franciscanas.org\/portal\/brasil\/wp-json\/wp\/v2\/comments?post=3067"}],"version-history":[{"count":1,"href":"https:\/\/franciscanas.org\/portal\/brasil\/wp-json\/wp\/v2\/posts\/3067\/revisions"}],"predecessor-version":[{"id":3068,"href":"https:\/\/franciscanas.org\/portal\/brasil\/wp-json\/wp\/v2\/posts\/3067\/revisions\/3068"}],"wp:featuredmedia":[{"embeddable":true,"href":"https:\/\/franciscanas.org\/portal\/brasil\/wp-json\/wp\/v2\/media\/3152"}],"wp:attachment":[{"href":"https:\/\/franciscanas.org\/portal\/brasil\/wp-json\/wp\/v2\/media?parent=3067"}],"wp:term":[{"taxonomy":"category","embeddable":true,"href":"https:\/\/franciscanas.org\/portal\/brasil\/wp-json\/wp\/v2\/categories?post=3067"},{"taxonomy":"post_tag","embeddable":true,"href":"https:\/\/franciscanas.org\/portal\/brasil\/wp-json\/wp\/v2\/tags?post=3067"}],"curies":[{"name":"wp","href":"https:\/\/api.w.org\/{rel}","templated":true}]}}