{"id":3065,"date":"2023-09-15T15:00:33","date_gmt":"2023-09-15T18:00:33","guid":{"rendered":"https:\/\/franciscanas.org\/portal\/brasil\/?p=3065"},"modified":"2023-09-05T21:51:12","modified_gmt":"2023-09-06T00:51:12","slug":"24o-domingo-do-tempo-comum","status":"publish","type":"post","link":"https:\/\/franciscanas.org\/portal\/brasil\/evangelho-do-domingo\/24o-domingo-do-tempo-comum\/","title":{"rendered":"24\u00ba Domingo do Tempo Comum"},"content":{"rendered":"\n<p class=\"has-vivid-red-color has-text-color\"><strong>EVANGELHO<\/strong> de Mateus 18,21-35<\/p>\n\n\n\n<p>Naquele tempo,<br>21 Pedro aproximou-se de Jesus e perguntou: &#8220;Senhor, quantas vezes devo perdoar, se meu irm\u00e3o pecar contra mim? At\u00e9 sete vezes?&#8221;<br>22 Jesus respondeu: &#8220;N\u00e3o te digo at\u00e9 sete vezes, mas at\u00e9 setenta vezes sete.<br>23 Porque o Reino dos C\u00e9us \u00e9 como um rei que resolveu acertar as contas com seus empregados.<br>24 Quando come\u00e7ou o acerto, levaram-lhe um que lhe devia uma enorme fortuna.<br>25 Como o empregado n\u00e3o tivesse com que pagar, o patr\u00e3o mandou que fosse vendido como escravo, junto com a mulher e os filhos e tudo o que possu\u00eda, para que pagasse a d\u00edvida.<br>26 O empregado, por\u00e9m, ca\u00edu aos p\u00e9s do patr\u00e3o e, prostrado, suplicava: &#8216;D\u00e1-me um prazo! e eu te pagarei tudo!&#8217;<br>27 Diante disso, o patr\u00e3o teve compaix\u00e3o,<br>soltou o empregado e perdoou-lhe a d\u00edvida.<br>28 Ao sair dali, aquele empregado encontrou um dos seus companheiros que lhe devia apenas cem moedas. Ele o agarrou e come\u00e7ou a sufoc\u00e1-lo, dizendo: &#8216;Paga o que me deves&#8217;.<br>29 O companheiro, caindo aos seus p\u00e9s, suplicava: \u201cD\u00e1-me um prazo, e eu te pagarei!&#8217;<br>30 Mas o empregado n\u00e3o quis saber disso. Saiu e mandou jog\u00e1-lo na pris\u00e3o, at\u00e9 que pagasse o que devia.<br>31 Vendo o que havia acontecido, os outros empregados ficaram muito tristes, procuraram o patr\u00e3o e lhe contaram tudo.<br>32 Ent\u00e3o o patr\u00e3o mandou cham\u00e1-lo e lhe disse: &#8216;Empregado perverso, eu te perdoei toda a tua d\u00edvida, porque tu me suplicaste.<br>33 N\u00e3o devias tu tamb\u00e9m ter compaix\u00e3o do teu companheiro,<br>como eu tive compaix\u00e3o de ti?&#8217;<br>34 O patr\u00e3o indignou-se e mandou entregar aquele empregado aos torturadores, at\u00e9 que pagasse toda a sua d\u00edvida.<br>35 \u00c9 assim que o meu Pai que est\u00e1 nos c\u00e9us far\u00e1 convosco,<br>se cada um n\u00e3o perdoar de cora\u00e7\u00e3o ao seu irm\u00e3o&#8221;.<\/p>\n\n\n\n<p class=\"has-vivid-red-color has-text-color\">Palavra da Salva\u00e7\u00e3o.<\/p>\n","protected":false},"excerpt":{"rendered":"<p>[Perdoa] &#8230;at\u00e9 setenta vezes sete.<\/p>\n","protected":false},"author":1,"featured_media":3141,"comment_status":"closed","ping_status":"closed","sticky":false,"template":"","format":"standard","meta":{"_et_pb_use_builder":"off","_et_pb_old_content":"","_et_gb_content_width":"1200","footnotes":""},"categories":[106],"tags":[],"class_list":["post-3065","post","type-post","status-publish","format-standard","has-post-thumbnail","hentry","category-evangelho-do-domingo"],"_links":{"self":[{"href":"https:\/\/franciscanas.org\/portal\/brasil\/wp-json\/wp\/v2\/posts\/3065","targetHints":{"allow":["GET"]}}],"collection":[{"href":"https:\/\/franciscanas.org\/portal\/brasil\/wp-json\/wp\/v2\/posts"}],"about":[{"href":"https:\/\/franciscanas.org\/portal\/brasil\/wp-json\/wp\/v2\/types\/post"}],"author":[{"embeddable":true,"href":"https:\/\/franciscanas.org\/portal\/brasil\/wp-json\/wp\/v2\/users\/1"}],"replies":[{"embeddable":true,"href":"https:\/\/franciscanas.org\/portal\/brasil\/wp-json\/wp\/v2\/comments?post=3065"}],"version-history":[{"count":1,"href":"https:\/\/franciscanas.org\/portal\/brasil\/wp-json\/wp\/v2\/posts\/3065\/revisions"}],"predecessor-version":[{"id":3066,"href":"https:\/\/franciscanas.org\/portal\/brasil\/wp-json\/wp\/v2\/posts\/3065\/revisions\/3066"}],"wp:featuredmedia":[{"embeddable":true,"href":"https:\/\/franciscanas.org\/portal\/brasil\/wp-json\/wp\/v2\/media\/3141"}],"wp:attachment":[{"href":"https:\/\/franciscanas.org\/portal\/brasil\/wp-json\/wp\/v2\/media?parent=3065"}],"wp:term":[{"taxonomy":"category","embeddable":true,"href":"https:\/\/franciscanas.org\/portal\/brasil\/wp-json\/wp\/v2\/categories?post=3065"},{"taxonomy":"post_tag","embeddable":true,"href":"https:\/\/franciscanas.org\/portal\/brasil\/wp-json\/wp\/v2\/tags?post=3065"}],"curies":[{"name":"wp","href":"https:\/\/api.w.org\/{rel}","templated":true}]}}