{"id":3063,"date":"2023-09-08T20:30:00","date_gmt":"2023-09-08T23:30:00","guid":{"rendered":"https:\/\/franciscanas.org\/portal\/brasil\/?p=3063"},"modified":"2023-09-04T17:19:04","modified_gmt":"2023-09-04T20:19:04","slug":"23o-domingo-do-tempo-comum","status":"publish","type":"post","link":"https:\/\/franciscanas.org\/portal\/brasil\/evangelho-do-domingo\/23o-domingo-do-tempo-comum\/","title":{"rendered":"23\u00ba Domingo do Tempo Comum"},"content":{"rendered":"\n<p class=\"has-vivid-red-color has-text-color\"><strong>EVANGELHO<\/strong> de Mateus 18,15-20<\/p>\n\n\n\n<p>Naquele tempo, Jesus disse a seus disc\u00edpulos:<br>15 &#8220;Se o teu irm\u00e3o pecar contra ti, vai corrigi-lo, mas em particular, a s\u00f3s contigo! Se ele te ouvir, tu ganhaste o teu irm\u00e3o.<br>16 Se ele n\u00e3o te ouvir, toma contigo mais uma ou duas pessoas, para que toda a quest\u00e3o seja decidida sob a palavra de duas ou tr\u00eas testemunhas.<br>17 Se ele n\u00e3o vos der ouvido, dize-nos \u00e0 Igreja. Se nem mesmo \u00e0 Igreja ele ouvir, seja tratado como se fosse um pag\u00e3o ou um pecador p\u00fablico.<br>18 Em verdade vos digo, tudo o que ligardes na terra ser\u00e1 ligado no c\u00e9u, e tudo o que desligardes na terra ser\u00e1 desligado no c\u00e9u.<br>19 De novo, eu vos digo: se dois de v\u00f3s estiverem de acordo na terra sobre qualquer coisa que quiserem pedir, isso lhes ser\u00e1 concedido por meu Pai que est\u00e1 nos c\u00e9us.<br>20 Pois, onde dois ou tr\u00eas estiverem reunidos em meu nome, eu estou a\u00ed, no meio deles&#8221;.<\/p>\n\n\n\n<p class=\"has-vivid-red-color has-text-color\">Palavra da Salva\u00e7\u00e3o. <\/p>\n\n\n\n<p><\/p>\n","protected":false},"excerpt":{"rendered":"<p>Tudo o que ligardes na terra ser\u00e1 ligado no c\u00e9u.<\/p>\n","protected":false},"author":1,"featured_media":3139,"comment_status":"closed","ping_status":"closed","sticky":false,"template":"","format":"standard","meta":{"_et_pb_use_builder":"off","_et_pb_old_content":"","_et_gb_content_width":"1200","footnotes":""},"categories":[106],"tags":[],"class_list":["post-3063","post","type-post","status-publish","format-standard","has-post-thumbnail","hentry","category-evangelho-do-domingo"],"_links":{"self":[{"href":"https:\/\/franciscanas.org\/portal\/brasil\/wp-json\/wp\/v2\/posts\/3063","targetHints":{"allow":["GET"]}}],"collection":[{"href":"https:\/\/franciscanas.org\/portal\/brasil\/wp-json\/wp\/v2\/posts"}],"about":[{"href":"https:\/\/franciscanas.org\/portal\/brasil\/wp-json\/wp\/v2\/types\/post"}],"author":[{"embeddable":true,"href":"https:\/\/franciscanas.org\/portal\/brasil\/wp-json\/wp\/v2\/users\/1"}],"replies":[{"embeddable":true,"href":"https:\/\/franciscanas.org\/portal\/brasil\/wp-json\/wp\/v2\/comments?post=3063"}],"version-history":[{"count":1,"href":"https:\/\/franciscanas.org\/portal\/brasil\/wp-json\/wp\/v2\/posts\/3063\/revisions"}],"predecessor-version":[{"id":3064,"href":"https:\/\/franciscanas.org\/portal\/brasil\/wp-json\/wp\/v2\/posts\/3063\/revisions\/3064"}],"wp:featuredmedia":[{"embeddable":true,"href":"https:\/\/franciscanas.org\/portal\/brasil\/wp-json\/wp\/v2\/media\/3139"}],"wp:attachment":[{"href":"https:\/\/franciscanas.org\/portal\/brasil\/wp-json\/wp\/v2\/media?parent=3063"}],"wp:term":[{"taxonomy":"category","embeddable":true,"href":"https:\/\/franciscanas.org\/portal\/brasil\/wp-json\/wp\/v2\/categories?post=3063"},{"taxonomy":"post_tag","embeddable":true,"href":"https:\/\/franciscanas.org\/portal\/brasil\/wp-json\/wp\/v2\/tags?post=3063"}],"curies":[{"name":"wp","href":"https:\/\/api.w.org\/{rel}","templated":true}]}}