{"id":3061,"date":"2023-09-01T20:30:00","date_gmt":"2023-09-01T23:30:00","guid":{"rendered":"https:\/\/franciscanas.org\/portal\/brasil\/?p=3061"},"modified":"2023-09-01T21:56:26","modified_gmt":"2023-09-02T00:56:26","slug":"22o-domingo-do-tempo-comum","status":"publish","type":"post","link":"https:\/\/franciscanas.org\/portal\/brasil\/evangelho-do-domingo\/22o-domingo-do-tempo-comum\/","title":{"rendered":"22\u00ba Domingo do Tempo Comum"},"content":{"rendered":"\n<p class=\"has-vivid-red-color has-text-color\"><strong>EVANGELHO<\/strong> de Mateus 16,21-27<\/p>\n\n\n\n<p>Naquele tempo,<br>21 Jesus come\u00e7ou a mostrar a seus disc\u00edpulos que devia ir a Jerusal\u00e9m e sofrer muito da parte dos anci\u00e3os, dos sumos sacerdotes e dos mestres da Lei, e que devia ser morto e ressuscitar no terceiro dia.<br>22 Ent\u00e3o Pedro tomou Jesus \u00e0 parte e come\u00e7ou a repreend\u00ea-lo, dizendo: &#8220;Deus n\u00e3o permita tal coisa, Senhor! Que isso nunca te aconte\u00e7a!&#8221;<br>23 Jesus, por\u00e9m, voltou-se para Pedro, e disse: &#8220;Vai para longe, satan\u00e1s! Tu \u00e9s para mim uma pedra de trope\u00e7o, porque n\u00e3o pensas as coisas de Deus, mas sim as coisas dos homens!&#8221;<br>24 Ent\u00e3o Jesus disse aos disc\u00edpulos: &#8220;Se algu\u00e9m quer me seguir, renuncie a si mesmo, tome a sua cruz e me siga.<br>25 Pois, quem quiser salvar a sua vida vai perd\u00ea-la; e quem perder a sua vida por causa de mim, vai encontr\u00e1-la.<br>26 De fato, que adianta ao homem ganhar o mundo inteiro, mas perder a sua vida? O que poder\u00e1 algu\u00e9m dar em troca de sua vida?<br>27 Porque o Filho do Homem vir\u00e1 na gl\u00f3ria do seu Pai, com os seus anjos, e ent\u00e3o retribuir\u00e1 a cada um de acordo com a sua conduta&#8221;. <\/p>\n\n\n\n<p class=\"has-vivid-red-color has-text-color\">Palavra da Salva\u00e7\u00e3o.<\/p>\n","protected":false},"excerpt":{"rendered":"<p>Que adianta ao homem ganhar o mundo inteiro, mas perder a sua vida?<\/p>\n","protected":false},"author":1,"featured_media":3132,"comment_status":"closed","ping_status":"closed","sticky":false,"template":"","format":"standard","meta":{"_et_pb_use_builder":"off","_et_pb_old_content":"","_et_gb_content_width":"1200","footnotes":""},"categories":[106],"tags":[],"class_list":["post-3061","post","type-post","status-publish","format-standard","has-post-thumbnail","hentry","category-evangelho-do-domingo"],"_links":{"self":[{"href":"https:\/\/franciscanas.org\/portal\/brasil\/wp-json\/wp\/v2\/posts\/3061","targetHints":{"allow":["GET"]}}],"collection":[{"href":"https:\/\/franciscanas.org\/portal\/brasil\/wp-json\/wp\/v2\/posts"}],"about":[{"href":"https:\/\/franciscanas.org\/portal\/brasil\/wp-json\/wp\/v2\/types\/post"}],"author":[{"embeddable":true,"href":"https:\/\/franciscanas.org\/portal\/brasil\/wp-json\/wp\/v2\/users\/1"}],"replies":[{"embeddable":true,"href":"https:\/\/franciscanas.org\/portal\/brasil\/wp-json\/wp\/v2\/comments?post=3061"}],"version-history":[{"count":1,"href":"https:\/\/franciscanas.org\/portal\/brasil\/wp-json\/wp\/v2\/posts\/3061\/revisions"}],"predecessor-version":[{"id":3062,"href":"https:\/\/franciscanas.org\/portal\/brasil\/wp-json\/wp\/v2\/posts\/3061\/revisions\/3062"}],"wp:featuredmedia":[{"embeddable":true,"href":"https:\/\/franciscanas.org\/portal\/brasil\/wp-json\/wp\/v2\/media\/3132"}],"wp:attachment":[{"href":"https:\/\/franciscanas.org\/portal\/brasil\/wp-json\/wp\/v2\/media?parent=3061"}],"wp:term":[{"taxonomy":"category","embeddable":true,"href":"https:\/\/franciscanas.org\/portal\/brasil\/wp-json\/wp\/v2\/categories?post=3061"},{"taxonomy":"post_tag","embeddable":true,"href":"https:\/\/franciscanas.org\/portal\/brasil\/wp-json\/wp\/v2\/tags?post=3061"}],"curies":[{"name":"wp","href":"https:\/\/api.w.org\/{rel}","templated":true}]}}