{"id":3032,"date":"2023-08-25T20:30:00","date_gmt":"2023-08-25T23:30:00","guid":{"rendered":"https:\/\/franciscanas.org\/portal\/brasil\/?p=3032"},"modified":"2023-08-19T11:30:50","modified_gmt":"2023-08-19T14:30:50","slug":"21o-domingo-do-tempo-comum","status":"publish","type":"post","link":"https:\/\/franciscanas.org\/portal\/brasil\/evangelho-do-domingo\/21o-domingo-do-tempo-comum\/","title":{"rendered":"21\u00ba Domingo do Tempo Comum"},"content":{"rendered":"\n<p class=\"has-vivid-red-color has-text-color\"><strong>EVANGELHO<\/strong> de Mateo 16,13-20<\/p>\n\n\n\n<p>Naquele tempo,<br>13 Jesus foi \u00e0 regi\u00e3o de Cesar\u00e9ia de Filipe e a\u00ed perguntou a seus disc\u00edpulos: &#8220;Quem dizem os homens ser o Filho do Homem?&#8221;<br>14 Eles responderam: &#8220;Alguns dizem que \u00e9 Jo\u00e3o Batista; outros, que \u00e9 Elias; outros ainda, que \u00e9 Jeremias ou algum dos profetas&#8221;.<br>15 Ent\u00e3o Jesus lhes perguntou: &#8220;E v\u00f3s, quem dizeis que eu sou?&#8221;<br>16 Sim\u00e3o Pedro respondeu: &#8220;Tu \u00e9s o Messias, o Filho do Deus vivo&#8221;.<br>17 Respondendo, Jesus lhe disse: &#8220;Feliz \u00e9s tu, Sim\u00e3o, filho de Jonas, porque n\u00e3o foi um ser humano que te revelou isso,<br>mas o meu Pai que est\u00e1 no c\u00e9u.<br>18 Por isso, eu te digo que tu \u00e9s Pedro, sobre esta pedra construirei a minha Igreja, e o poder do inferno nunca poder\u00e1 venc\u00ea-la.<br>19 Eu te darei as chaves do Reino dos C\u00e9us: tudo o que tu ligares na terra ser\u00e1 ligado nos c\u00e9us; tudo o que tu desligares na terra ser\u00e1 desligado nos c\u00e9us&#8221;.<br>20 Jesus, ent\u00e3o, ordenou aos disc\u00edpulos que n\u00e3o dissessem a ningu\u00e9m que ele era o Messias.<\/p>\n\n\n\n<p class=\"has-vivid-red-color has-text-color\">Palavra da Salva\u00e7\u00e3o.<\/p>\n","protected":false},"excerpt":{"rendered":"<p>Feliz \u00e9s tu porque quem te revelou isso, Foi o meu Pai que est\u00e1 no c\u00e9u.<\/p>\n","protected":false},"author":1,"featured_media":3033,"comment_status":"closed","ping_status":"closed","sticky":false,"template":"","format":"standard","meta":{"_et_pb_use_builder":"off","_et_pb_old_content":"","_et_gb_content_width":"1200","footnotes":""},"categories":[106],"tags":[],"class_list":["post-3032","post","type-post","status-publish","format-standard","has-post-thumbnail","hentry","category-evangelho-do-domingo"],"_links":{"self":[{"href":"https:\/\/franciscanas.org\/portal\/brasil\/wp-json\/wp\/v2\/posts\/3032","targetHints":{"allow":["GET"]}}],"collection":[{"href":"https:\/\/franciscanas.org\/portal\/brasil\/wp-json\/wp\/v2\/posts"}],"about":[{"href":"https:\/\/franciscanas.org\/portal\/brasil\/wp-json\/wp\/v2\/types\/post"}],"author":[{"embeddable":true,"href":"https:\/\/franciscanas.org\/portal\/brasil\/wp-json\/wp\/v2\/users\/1"}],"replies":[{"embeddable":true,"href":"https:\/\/franciscanas.org\/portal\/brasil\/wp-json\/wp\/v2\/comments?post=3032"}],"version-history":[{"count":1,"href":"https:\/\/franciscanas.org\/portal\/brasil\/wp-json\/wp\/v2\/posts\/3032\/revisions"}],"predecessor-version":[{"id":3034,"href":"https:\/\/franciscanas.org\/portal\/brasil\/wp-json\/wp\/v2\/posts\/3032\/revisions\/3034"}],"wp:featuredmedia":[{"embeddable":true,"href":"https:\/\/franciscanas.org\/portal\/brasil\/wp-json\/wp\/v2\/media\/3033"}],"wp:attachment":[{"href":"https:\/\/franciscanas.org\/portal\/brasil\/wp-json\/wp\/v2\/media?parent=3032"}],"wp:term":[{"taxonomy":"category","embeddable":true,"href":"https:\/\/franciscanas.org\/portal\/brasil\/wp-json\/wp\/v2\/categories?post=3032"},{"taxonomy":"post_tag","embeddable":true,"href":"https:\/\/franciscanas.org\/portal\/brasil\/wp-json\/wp\/v2\/tags?post=3032"}],"curies":[{"name":"wp","href":"https:\/\/api.w.org\/{rel}","templated":true}]}}