{"id":3023,"date":"2023-08-11T20:30:00","date_gmt":"2023-08-11T23:30:00","guid":{"rendered":"https:\/\/franciscanas.org\/portal\/brasil\/?p=3023"},"modified":"2023-08-13T15:21:34","modified_gmt":"2023-08-13T18:21:34","slug":"18o-domingo-do-tempo-comum","status":"publish","type":"post","link":"https:\/\/franciscanas.org\/portal\/brasil\/evangelho-do-domingo\/18o-domingo-do-tempo-comum\/","title":{"rendered":"19\u00ba Domingo do Tempo Comum"},"content":{"rendered":"\n<p class=\"has-vivid-red-color has-text-color\"><strong>EVANGELHO<\/strong> de Mateus 14,22-33<\/p>\n\n\n\n<p>Depois da multiplica\u00e7\u00e3o dos p\u00e3es,<br>22 Jesus mandou que os disc\u00edpulos entrassem na barca e seguissem, \u00e0 sua frente, para o outro lado do mar, enquanto ele despedia as multid\u00f5es.<br>23 Depois de despedi-las, Jesus subiu ao monte, para orar a s\u00f3s. A noite chegou, e Jesus continuava ali, sozinho.<br>24 A barca, por\u00e9m, j\u00e1 longe da terra, era agitada pelas ondas, pois o vento era contr\u00e1rio.<br>25 Pelas tr\u00eas horas da manh\u00e3, Jesus veio at\u00e9 os disc\u00edpulos, andando sobre o mar.<br>26 Quando os disc\u00edpulos o avistaram, andando sobre o mar, ficaram apavorados, e disseram: &#8220;\u00c9 um fantasma&#8221;. E gritaram de medo.<br>27 Jesus, por\u00e9m, logo lhes disse: &#8220;Coragem! Sou eu. N\u00e3o tenhais medo!&#8221;<br>28 Ent\u00e3o Pedro lhe disse: &#8220;Senhor, se \u00e9s tu, manda-me ir ao teu encontro, caminhando sobre a \u00e1gua&#8221;.<br>29 E Jesus respondeu: &#8220;Vem!&#8221; Pedro desceu da barca e come\u00e7ou a andar sobre a \u00e1gua, em dire\u00e7\u00e3o a Jesus.<br>30 Mas, quando sentiu o vento, ficou com medo<br>e, come\u00e7ando a afundar, gritou: &#8220;Senhor, salva-me!&#8221;<br>31 Jesus logo estendeu a m\u00e3o, segurou Pedro, e lhe disse: &#8220;Homem fraco na f\u00e9, porque duvidaste?&#8221;<br>32 Assim que subiram no barco, o vento se acalmou.<br>33 Os que estavam no barco, prostraram-se diante dele, dizendo: &#8220;Verdadeiramente, tu \u00e9s o Filho de Deus!&#8221;<\/p>\n\n\n\n<p class=\"has-vivid-red-color has-text-color\">Palavra da Salva\u00e7\u00e3o.<\/p>\n\n\n\n<p><\/p>\n","protected":false},"excerpt":{"rendered":"<p>&#8220;Senhor, se \u00e9s tu, manda-me ir ao teu encontro, caminhando sobre a \u00e1gua&#8221;.<\/p>\n","protected":false},"author":1,"featured_media":3024,"comment_status":"closed","ping_status":"closed","sticky":false,"template":"","format":"standard","meta":{"_et_pb_use_builder":"off","_et_pb_old_content":"","_et_gb_content_width":"1200","footnotes":""},"categories":[106],"tags":[],"class_list":["post-3023","post","type-post","status-publish","format-standard","has-post-thumbnail","hentry","category-evangelho-do-domingo"],"_links":{"self":[{"href":"https:\/\/franciscanas.org\/portal\/brasil\/wp-json\/wp\/v2\/posts\/3023","targetHints":{"allow":["GET"]}}],"collection":[{"href":"https:\/\/franciscanas.org\/portal\/brasil\/wp-json\/wp\/v2\/posts"}],"about":[{"href":"https:\/\/franciscanas.org\/portal\/brasil\/wp-json\/wp\/v2\/types\/post"}],"author":[{"embeddable":true,"href":"https:\/\/franciscanas.org\/portal\/brasil\/wp-json\/wp\/v2\/users\/1"}],"replies":[{"embeddable":true,"href":"https:\/\/franciscanas.org\/portal\/brasil\/wp-json\/wp\/v2\/comments?post=3023"}],"version-history":[{"count":2,"href":"https:\/\/franciscanas.org\/portal\/brasil\/wp-json\/wp\/v2\/posts\/3023\/revisions"}],"predecessor-version":[{"id":3026,"href":"https:\/\/franciscanas.org\/portal\/brasil\/wp-json\/wp\/v2\/posts\/3023\/revisions\/3026"}],"wp:featuredmedia":[{"embeddable":true,"href":"https:\/\/franciscanas.org\/portal\/brasil\/wp-json\/wp\/v2\/media\/3024"}],"wp:attachment":[{"href":"https:\/\/franciscanas.org\/portal\/brasil\/wp-json\/wp\/v2\/media?parent=3023"}],"wp:term":[{"taxonomy":"category","embeddable":true,"href":"https:\/\/franciscanas.org\/portal\/brasil\/wp-json\/wp\/v2\/categories?post=3023"},{"taxonomy":"post_tag","embeddable":true,"href":"https:\/\/franciscanas.org\/portal\/brasil\/wp-json\/wp\/v2\/tags?post=3023"}],"curies":[{"name":"wp","href":"https:\/\/api.w.org\/{rel}","templated":true}]}}