{"id":3012,"date":"2023-08-04T20:30:00","date_gmt":"2023-08-04T23:30:00","guid":{"rendered":"https:\/\/franciscanas.org\/portal\/brasil\/?p=3012"},"modified":"2023-08-05T21:51:34","modified_gmt":"2023-08-06T00:51:34","slug":"transfiguracao-do-senhor","status":"publish","type":"post","link":"https:\/\/franciscanas.org\/portal\/brasil\/evangelho-do-domingo\/transfiguracao-do-senhor\/","title":{"rendered":"Transfigura\u00e7\u00e3o do Senhor"},"content":{"rendered":"\n<p class=\"has-vivid-red-color has-text-color\"><strong>EVANGELHO<\/strong> de Mt 17, 1-9<\/p>\n\n\n\n<p>Naquele tempo,<br>1 Jesus tomou consigo Pedro, Tiago e Jo\u00e3o, seu irm\u00e3o, e os levou a um lugar \u00e0 parte, sobre uma alta montanha.<br>2 E foi transfigurado diante deles; o seu rosto brilhou como o sol e as suas roupas ficaram brancas como a luz.<br>3 Nisto apareceram-lhes Mois\u00e9s e Elias, conversando com Jesus.<br>4 Ent\u00e3o Pedro tomou a palavra e disse: &#8220;Senhor, \u00e9 bom ficarmos aqui. Se queres, vou fazer aqui tr\u00eas tendas: uma para ti, outra para Mois\u00e9s, e outra para Elias&#8221;.<br>5 Pedro ainda estava falando, quando uma nuvem luminosa os cobriu com sua sombra. E da nuvem uma voz dizia: &#8220;Este \u00e9 o meu Filho amado, no qual eu pus todo meu agrado. Escutai-o!&#8221;<br>6 Quando ouviram isto, os disc\u00edpulos ficaram muito assustados e ca\u00edram com o rosto em terra.<br>7 Jesus se aproximou, tocou neles e disse: &#8220;Levantai-vos, e n\u00e3o tenhais medo&#8221;.<br>8 Os disc\u00edpulos ergueram os olhos e n\u00e3o viram mais ningu\u00e9m, a n\u00e3o ser somente Jesus.<br>9 Quando desciam da montanha, Jesus ordenou-lhes: &#8220;N\u00e3o conteis a ningu\u00e9m esta vis\u00e3o at\u00e9 que o Filho do Homem tenha ressuscitado dos mortos&#8221;.<\/p>\n\n\n\n<p class=\"has-vivid-red-color has-text-color\"><strong>Palavra da Salva\u00e7\u00e3o.<\/strong><\/p>\n\n\n\n<p><\/p>\n\n\n\n<p><\/p>\n","protected":false},"excerpt":{"rendered":"<p>Foi transfigurado diante deles; o seu rosto brilhou como o sol e as suas roupas ficaram brancas como a luz.<\/p>\n","protected":false},"author":1,"featured_media":3013,"comment_status":"closed","ping_status":"closed","sticky":false,"template":"","format":"standard","meta":{"_et_pb_use_builder":"off","_et_pb_old_content":"","_et_gb_content_width":"1200","footnotes":""},"categories":[106],"tags":[],"class_list":["post-3012","post","type-post","status-publish","format-standard","has-post-thumbnail","hentry","category-evangelho-do-domingo"],"_links":{"self":[{"href":"https:\/\/franciscanas.org\/portal\/brasil\/wp-json\/wp\/v2\/posts\/3012","targetHints":{"allow":["GET"]}}],"collection":[{"href":"https:\/\/franciscanas.org\/portal\/brasil\/wp-json\/wp\/v2\/posts"}],"about":[{"href":"https:\/\/franciscanas.org\/portal\/brasil\/wp-json\/wp\/v2\/types\/post"}],"author":[{"embeddable":true,"href":"https:\/\/franciscanas.org\/portal\/brasil\/wp-json\/wp\/v2\/users\/1"}],"replies":[{"embeddable":true,"href":"https:\/\/franciscanas.org\/portal\/brasil\/wp-json\/wp\/v2\/comments?post=3012"}],"version-history":[{"count":2,"href":"https:\/\/franciscanas.org\/portal\/brasil\/wp-json\/wp\/v2\/posts\/3012\/revisions"}],"predecessor-version":[{"id":3015,"href":"https:\/\/franciscanas.org\/portal\/brasil\/wp-json\/wp\/v2\/posts\/3012\/revisions\/3015"}],"wp:featuredmedia":[{"embeddable":true,"href":"https:\/\/franciscanas.org\/portal\/brasil\/wp-json\/wp\/v2\/media\/3013"}],"wp:attachment":[{"href":"https:\/\/franciscanas.org\/portal\/brasil\/wp-json\/wp\/v2\/media?parent=3012"}],"wp:term":[{"taxonomy":"category","embeddable":true,"href":"https:\/\/franciscanas.org\/portal\/brasil\/wp-json\/wp\/v2\/categories?post=3012"},{"taxonomy":"post_tag","embeddable":true,"href":"https:\/\/franciscanas.org\/portal\/brasil\/wp-json\/wp\/v2\/tags?post=3012"}],"curies":[{"name":"wp","href":"https:\/\/api.w.org\/{rel}","templated":true}]}}