{"id":2936,"date":"2023-07-21T20:30:00","date_gmt":"2023-07-21T23:30:00","guid":{"rendered":"https:\/\/franciscanas.org\/portal\/brasil\/?p=2936"},"modified":"2023-07-08T16:10:03","modified_gmt":"2023-07-08T19:10:03","slug":"16o-domingo-do-tempo-comum","status":"publish","type":"post","link":"https:\/\/franciscanas.org\/portal\/brasil\/evangelho-do-domingo\/16o-domingo-do-tempo-comum\/","title":{"rendered":"16\u00ba Domingo do Tempo Comum"},"content":{"rendered":"\n<p class=\"has-vivid-red-color has-text-color\"><strong>EVANGELHO<\/strong> de Mateus 13,24-43<\/p>\n\n\n\n<p>Naquele tempo:<br>24 Jesus contou outra par\u00e1bola \u00e0 multid\u00e3o: &#8220;O Reino dos C\u00e9us \u00e9 como um homem que semeou boa semente no seu campo.<br>25 Enquanto todos dormiam, veio seu inimigo, semeou joio no meio do trigo, e foi embora.<br>26 Quando o trigo cresceu e as espigas come\u00e7aram a se formar, apareceu tamb\u00e9m o joio.<br>27 Os empregados foram procurar o dono e lhe disseram: \u2018Senhor, n\u00e3o semeaste boa semente no teu campo? Donde veio ent\u00e3o o joio?&#8217;<br>28 O dono respondeu: &#8216;Foi algum inimigo que fez isso&#8217;. Os empregados lhe perguntaram: &#8216;Queres que vamos arrancar o joio?&#8217;<br>29 O dono respondeu: &#8216;N\u00e3o! pode acontecer que, arrancando o joio, arranqueis tamb\u00e9m o trigo.<br>30 Deixai crescer um e outro at\u00e9 a colheita! E, no tempo da colheita, direi aos que cortam o trigo: arrancai primeiro o joio e amarrai-o em feixes para ser queimado! Recolhei, por\u00e9m, o trigo no meu celeiro!'&#8221;<br>31 Jesus contou-lhes outra par\u00e1bola: &#8220;O Reino dos C\u00e9us \u00e9 como uma semente de mostarda que um homem pega e semeia no seu campo.<br>32 Embora ela seja a menor de todas as sementes, quando cresce, fica maior do que as outras plantas. E torna-se uma \u00e1rvore, de modo que os p\u00e1ssaros v\u00eam e fazem ninhos em seus ramos&#8221;.<br>33 Jesus contou-lhes ainda uma outra par\u00e1bola: &#8220;O Reino dos C\u00e9us \u00e9 como o fermento que uma mulher pega e mistura com tr\u00eas por\u00e7\u00f5es de farinha, at\u00e9 que tudo fique fermentado&#8221;.<br>34 Tudo isso Jesus falava em par\u00e1bolas \u00e0s multid\u00f5es. Nada lhes falava sem usar par\u00e1bolas,<br>35 para se cumprir o que foi dito pelo profeta: &#8220;Abrirei a boca para falar em par\u00e1bolas; vou proclamar coisas escondidas desde a cria\u00e7\u00e3o do mundo&#8221;.<br>36 Ent\u00e3o Jesus deixou as multid\u00f5es e foi para casa. Seus disc\u00edpulos aproximaram-se dele e disseram: &#8220;Explica-nos a par\u00e1bola do joio!&#8221;<br>37 Jesus respondeu: &#8220;Aquele que semeia a boa semente \u00e9 o Filho do Homem.<br>38 O campo \u00e9 o mundo. A boa semente s\u00e3o os que pertencem ao Reino. O joio s\u00e3o os que pertencem ao Maligno.<br>39 O inimigo que semeou o joio \u00e9 o diabo. A colheita \u00e9 o fim dos tempos. Os ceifeiros s\u00e3o os anjos.<br>40 Como o joio \u00e9 recolhido e queimado ao fogo, assim tamb\u00e9m acontecer\u00e1 no fim dos tempos:<br>41 o Filho do Homem enviar\u00e1 os seus anjos, e eles retirar\u00e3o do seu Reino todos os que fazem outros pecar e os que praticam o mal;<br>42 e depois os lan\u00e7ar\u00e3o na fornalha de fogo. A\u00ed haver\u00e1 choro e ranger de dentes.<br>43 Ent\u00e3o os justos brilhar\u00e3o como o sol no Reino de seu Pai. Quem tem ouvidos, ou\u00e7a&#8221;.<\/p>\n\n\n\n<p class=\"has-vivid-red-color has-text-color\">Palavra da Salva\u00e7\u00e3o.<\/p>\n","protected":false},"excerpt":{"rendered":"<p>O Reino dos C\u00e9us \u00e9 como um homem que semeou boa semente no seu campo. <\/p>\n","protected":false},"author":1,"featured_media":2937,"comment_status":"closed","ping_status":"closed","sticky":false,"template":"","format":"standard","meta":{"_et_pb_use_builder":"off","_et_pb_old_content":"","_et_gb_content_width":"1200","footnotes":""},"categories":[106],"tags":[],"class_list":["post-2936","post","type-post","status-publish","format-standard","has-post-thumbnail","hentry","category-evangelho-do-domingo"],"_links":{"self":[{"href":"https:\/\/franciscanas.org\/portal\/brasil\/wp-json\/wp\/v2\/posts\/2936","targetHints":{"allow":["GET"]}}],"collection":[{"href":"https:\/\/franciscanas.org\/portal\/brasil\/wp-json\/wp\/v2\/posts"}],"about":[{"href":"https:\/\/franciscanas.org\/portal\/brasil\/wp-json\/wp\/v2\/types\/post"}],"author":[{"embeddable":true,"href":"https:\/\/franciscanas.org\/portal\/brasil\/wp-json\/wp\/v2\/users\/1"}],"replies":[{"embeddable":true,"href":"https:\/\/franciscanas.org\/portal\/brasil\/wp-json\/wp\/v2\/comments?post=2936"}],"version-history":[{"count":1,"href":"https:\/\/franciscanas.org\/portal\/brasil\/wp-json\/wp\/v2\/posts\/2936\/revisions"}],"predecessor-version":[{"id":2938,"href":"https:\/\/franciscanas.org\/portal\/brasil\/wp-json\/wp\/v2\/posts\/2936\/revisions\/2938"}],"wp:featuredmedia":[{"embeddable":true,"href":"https:\/\/franciscanas.org\/portal\/brasil\/wp-json\/wp\/v2\/media\/2937"}],"wp:attachment":[{"href":"https:\/\/franciscanas.org\/portal\/brasil\/wp-json\/wp\/v2\/media?parent=2936"}],"wp:term":[{"taxonomy":"category","embeddable":true,"href":"https:\/\/franciscanas.org\/portal\/brasil\/wp-json\/wp\/v2\/categories?post=2936"},{"taxonomy":"post_tag","embeddable":true,"href":"https:\/\/franciscanas.org\/portal\/brasil\/wp-json\/wp\/v2\/tags?post=2936"}],"curies":[{"name":"wp","href":"https:\/\/api.w.org\/{rel}","templated":true}]}}