{"id":2932,"date":"2023-07-14T20:30:00","date_gmt":"2023-07-14T23:30:00","guid":{"rendered":"https:\/\/franciscanas.org\/portal\/brasil\/?p=2932"},"modified":"2023-07-08T15:31:40","modified_gmt":"2023-07-08T18:31:40","slug":"15o-domingo-do-tempo-comum","status":"publish","type":"post","link":"https:\/\/franciscanas.org\/portal\/brasil\/evangelho-do-domingo\/15o-domingo-do-tempo-comum\/","title":{"rendered":"15\u00ba Domingo do Tempo Comum"},"content":{"rendered":"\n<p class=\"has-vivid-red-color has-text-color\"><strong>EVANGELHO<\/strong> de Mateus 13,1-23 <\/p>\n\n\n\n<p>1 Naquele dia, Jesus saiu de casa e foi sentar-se \u00e0s margens do mar da Galileia.<br>2 Uma grande multid\u00e3o reuniu-se em volta dele. Por isso Jesus entrou numa barca e sentou-se, enquanto a multid\u00e3o ficava de p\u00e9, na praia.<br>3 E disse-lhes muitas coisas em par\u00e1bolas: &#8220;O semeador saiu para semear.<br>4 Enquanto semeava, algumas sementes ca\u00edram \u00e0 beira do caminho, e os p\u00e1ssaros vieram e as comeram.<br>5 Outras sementes ca\u00edram em terreno pedregoso, onde n\u00e3o havia muita terra. As sementes logo brotaram, porque a terra n\u00e3o era profunda.<br>6 Mas, quando o sol apareceu, as plantas ficaram queimadas e secaram, porque n\u00e3o tinham raiz.<br>7 Outras sementes ca\u00edram no meio dos espinhos. Os espinhos cresceram e sufocaram as plantas.<br>8 Outras sementes, por\u00e9m, ca\u00edram em terra boa, e produziram \u00e0 base de cem, de sessenta e de trinta frutos por semente.<br>9 Quem tem ouvidos, ou\u00e7a!&#8221;<br>10 Os disc\u00edpulos aproximaram-se e disseram a Jesus: &#8220;Por que tu falas ao povo em par\u00e1bolas?&#8221;<br>11 Jesus respondeu: &#8220;Porque a v\u00f3s foi dado o conhecimento dos mist\u00e9rios do Reino dos C\u00e9us mas a eles n\u00e3o \u00e9 dado.<br>12 Pois \u00e0 pessoa que tem, ser\u00e1 dado ainda mais, e ter\u00e1 em abund\u00e2ncia; mas \u00e0 pessoa que n\u00e3o tem, ser\u00e1 tirado at\u00e9 o pouco que tem.<br>13 \u00c9 por isso que eu lhes falo em par\u00e1bolas: porque olhando, eles n\u00e3o veem, e ouvindo, eles n\u00e3o escutam, nem compreendem.<br>14 Desse modo se cumpre neles a profecia de Isa\u00edas: &#8216;Havereis de ouvir, sem nada entender. Havereis de olhar, sem nada ver.<br>15 Porque o cora\u00e7\u00e3o deste povo se tornou insens\u00edvel. Eles ouviram com m\u00e1 vontade e fecharam seus olhos, para n\u00e3o ver com os olhos, nem ouvir com os ouvidos, nem compreender com o cora\u00e7\u00e3o, de modo que se convertam e eu os cure&#8217;.<br>16 Felizes sois v\u00f3s, porque vossos olhos veem vossos ouvidos ouvem.<br>17 Em verdade vos digo, muitos profetas e justos desejaram ver o que vedes, e n\u00e3o viram, desejaram ouvir o que ouvis, e n\u00e3o ouviram.<br>18 Ouvi, portanto, a par\u00e1bola do semeador:<br>19 Todo aquele que ouve a palavra do Reino e n\u00e3o a compreende, vem o Maligno e rouba o que foi semeado em seu cora\u00e7\u00e3o. Este \u00e9 o que foi semeado \u00e0 beira do caminho.<br>20 A semente que caiu em terreno pedregoso \u00e9 aquele que ouve a palavra e logo a recebe com alegria;<br>21 mas ele n\u00e3o tem raiz em si mesmo, \u00e9 de momento: quando chega o sofrimento ou a persegui\u00e7\u00e3o, por causa da palavra, ele desiste logo.<br>22 A semente que caiu no meio dos espinhos \u00e9 aquele que ouve a palavra, mas as preocupa\u00e7\u00f5es do mundo e a ilus\u00e3o da riqueza sufocam a palavra, e ele n\u00e3o d\u00e1 fruto.<br>23 A semente que caiu em boa terra \u00e9 aquele que ouve a palavra e a compreende. Esse produz fruto. Um d\u00e1 cem, outro sessenta e outro trinta&#8221;.<\/p>\n\n\n\n<p class=\"has-vivid-red-color has-text-color\">Palavra da Salva\u00e7\u00e3o.<\/p>\n","protected":false},"excerpt":{"rendered":"<p>A v\u00f3s foi dado o conhecimento dos mist\u00e9rios do Reino dos C\u00e9us&#8230;<br \/>\nMt 13, 11<\/p>\n","protected":false},"author":1,"featured_media":2934,"comment_status":"closed","ping_status":"closed","sticky":false,"template":"","format":"standard","meta":{"_et_pb_use_builder":"off","_et_pb_old_content":"","_et_gb_content_width":"1200","footnotes":""},"categories":[106],"tags":[],"class_list":["post-2932","post","type-post","status-publish","format-standard","has-post-thumbnail","hentry","category-evangelho-do-domingo"],"_links":{"self":[{"href":"https:\/\/franciscanas.org\/portal\/brasil\/wp-json\/wp\/v2\/posts\/2932","targetHints":{"allow":["GET"]}}],"collection":[{"href":"https:\/\/franciscanas.org\/portal\/brasil\/wp-json\/wp\/v2\/posts"}],"about":[{"href":"https:\/\/franciscanas.org\/portal\/brasil\/wp-json\/wp\/v2\/types\/post"}],"author":[{"embeddable":true,"href":"https:\/\/franciscanas.org\/portal\/brasil\/wp-json\/wp\/v2\/users\/1"}],"replies":[{"embeddable":true,"href":"https:\/\/franciscanas.org\/portal\/brasil\/wp-json\/wp\/v2\/comments?post=2932"}],"version-history":[{"count":1,"href":"https:\/\/franciscanas.org\/portal\/brasil\/wp-json\/wp\/v2\/posts\/2932\/revisions"}],"predecessor-version":[{"id":2933,"href":"https:\/\/franciscanas.org\/portal\/brasil\/wp-json\/wp\/v2\/posts\/2932\/revisions\/2933"}],"wp:featuredmedia":[{"embeddable":true,"href":"https:\/\/franciscanas.org\/portal\/brasil\/wp-json\/wp\/v2\/media\/2934"}],"wp:attachment":[{"href":"https:\/\/franciscanas.org\/portal\/brasil\/wp-json\/wp\/v2\/media?parent=2932"}],"wp:term":[{"taxonomy":"category","embeddable":true,"href":"https:\/\/franciscanas.org\/portal\/brasil\/wp-json\/wp\/v2\/categories?post=2932"},{"taxonomy":"post_tag","embeddable":true,"href":"https:\/\/franciscanas.org\/portal\/brasil\/wp-json\/wp\/v2\/tags?post=2932"}],"curies":[{"name":"wp","href":"https:\/\/api.w.org\/{rel}","templated":true}]}}