{"id":2922,"date":"2023-06-30T20:30:00","date_gmt":"2023-06-30T23:30:00","guid":{"rendered":"https:\/\/franciscanas.org\/portal\/brasil\/?p=2922"},"modified":"2023-07-01T10:58:04","modified_gmt":"2023-07-01T13:58:04","slug":"solenidade-de-sao-pedro-e-sao-paulo","status":"publish","type":"post","link":"https:\/\/franciscanas.org\/portal\/brasil\/evangelho-do-domingo\/solenidade-de-sao-pedro-e-sao-paulo\/","title":{"rendered":"Solenidade de S\u00e3o Pedro e S\u00e3o Paulo"},"content":{"rendered":"\n<p class=\"has-vivid-red-color has-text-color\"><strong>EVANGELHO<\/strong> de Mateus 16,13-19<\/p>\n\n\n\n<p>Naquele tempo,<br>13 Jesus foi \u00e0 regi\u00e3o de Cesar\u00e9ia de Filipe<br>e ali perguntou aos seus disc\u00edpulos:<br>&#8220;Quem dizem os homens ser o Filho do Homem?&#8221;<br>14 Eles responderam: &#8220;Alguns dizem que \u00e9 Jo\u00e3o Batista; outros que \u00e9 Elias; Outros ainda, que \u00e9 Jeremias ou algum dos profetas&#8221;.<br>15 Ent\u00e3o Jesus lhes perguntou: &#8220;E v\u00f3s, quem dizeis que eu sou?&#8221;<br>16 Sim\u00e3o Pedro respondeu:<br>&#8220;Tu \u00e9s o Messias, o Filho do Deus vivo&#8221;.<br>17 Respondendo, Jesus lhe disse: &#8220;Feliz \u00e9s tu, Sim\u00e3o, filho de Jonas, porque n\u00e3o foi um ser humano que te revelou isso, mas o meu Pai que est\u00e1 no c\u00e9u.<br>18 Por isso eu te digo que tu \u00e9s Pedro,<br>e sobre esta pedra construirei a minha Igreja,<br>e o poder do inferno nunca poder\u00e1 venc\u00ea-la.<br>19 Eu te darei as chaves do Reino dos C\u00e9us:<br>tudo o que tu ligares na terra ser\u00e1 ligado nos c\u00e9us;<br>tudo o que tu desligares na terra ser\u00e1 desligado nos c\u00e9us&#8221;.<\/p>\n\n\n\n<p class=\"has-vivid-red-color has-text-color\">Palavra da Salva\u00e7\u00e3o.<\/p>\n","protected":false},"excerpt":{"rendered":"<p> Ent\u00e3o Jesus lhes perguntou: &#8220;E v\u00f3s, quem dizeis que eu sou?&#8221;<\/p>\n","protected":false},"author":1,"featured_media":2924,"comment_status":"closed","ping_status":"closed","sticky":false,"template":"","format":"standard","meta":{"_et_pb_use_builder":"off","_et_pb_old_content":"","_et_gb_content_width":"1200","footnotes":""},"categories":[106],"tags":[],"class_list":["post-2922","post","type-post","status-publish","format-standard","has-post-thumbnail","hentry","category-evangelho-do-domingo"],"_links":{"self":[{"href":"https:\/\/franciscanas.org\/portal\/brasil\/wp-json\/wp\/v2\/posts\/2922","targetHints":{"allow":["GET"]}}],"collection":[{"href":"https:\/\/franciscanas.org\/portal\/brasil\/wp-json\/wp\/v2\/posts"}],"about":[{"href":"https:\/\/franciscanas.org\/portal\/brasil\/wp-json\/wp\/v2\/types\/post"}],"author":[{"embeddable":true,"href":"https:\/\/franciscanas.org\/portal\/brasil\/wp-json\/wp\/v2\/users\/1"}],"replies":[{"embeddable":true,"href":"https:\/\/franciscanas.org\/portal\/brasil\/wp-json\/wp\/v2\/comments?post=2922"}],"version-history":[{"count":1,"href":"https:\/\/franciscanas.org\/portal\/brasil\/wp-json\/wp\/v2\/posts\/2922\/revisions"}],"predecessor-version":[{"id":2925,"href":"https:\/\/franciscanas.org\/portal\/brasil\/wp-json\/wp\/v2\/posts\/2922\/revisions\/2925"}],"wp:featuredmedia":[{"embeddable":true,"href":"https:\/\/franciscanas.org\/portal\/brasil\/wp-json\/wp\/v2\/media\/2924"}],"wp:attachment":[{"href":"https:\/\/franciscanas.org\/portal\/brasil\/wp-json\/wp\/v2\/media?parent=2922"}],"wp:term":[{"taxonomy":"category","embeddable":true,"href":"https:\/\/franciscanas.org\/portal\/brasil\/wp-json\/wp\/v2\/categories?post=2922"},{"taxonomy":"post_tag","embeddable":true,"href":"https:\/\/franciscanas.org\/portal\/brasil\/wp-json\/wp\/v2\/tags?post=2922"}],"curies":[{"name":"wp","href":"https:\/\/api.w.org\/{rel}","templated":true}]}}