{"id":2907,"date":"2023-06-23T20:30:00","date_gmt":"2023-06-23T23:30:00","guid":{"rendered":"https:\/\/franciscanas.org\/portal\/brasil\/?p=2907"},"modified":"2023-07-01T10:49:00","modified_gmt":"2023-07-01T13:49:00","slug":"12-domingo-do-tempo-comum","status":"publish","type":"post","link":"https:\/\/franciscanas.org\/portal\/brasil\/evangelho-do-domingo\/12-domingo-do-tempo-comum\/","title":{"rendered":"12\u00ba Domingo do Tempo Comum"},"content":{"rendered":"\n<p class=\"has-vivid-red-color has-text-color\"><strong>EVANGELHO<\/strong> de Mateus 10, 26 &#8211; 33<\/p>\n\n\n\n<p>Naquele tempo, disse Jesus a seus ap\u00f3stolos:<br>26 N\u00e3o tenhais medo dos homens, pois nada h\u00e1 de encoberto que n\u00e3o seja revelado, e nada h\u00e1 de escondido que n\u00e3o seja conhecido.<br>27 O que vos digo na escurid\u00e3o, dizei-o \u00e0 luz do dia;<br>o que escutais ao p\u00e9 do ouvido, proclamai-o sobre os telhados!<br>28 N\u00e3o tenhais medo daqueles que matam o corpo,<br>mas n\u00e3o podem matar a alma!<br>Pelo contr\u00e1rio, temei aquele que pode destruir<br>a alma e o corpo no inferno!<br>29 N\u00e3o se vendem dois pardais por algumas moedas?<br>No entanto, nenhum deles cai no ch\u00e3o sem o consentimento do vosso Pai.<br>30 Quanto a v\u00f3s, at\u00e9 os cabelos da cabe\u00e7a est\u00e3o todos contados.<br>31 N\u00e3o tenhais medo! V\u00f3s valeis mais do que muitos pardais.<br>32 Portanto, todo aquele que se declarar a meu favor diante dos homens, tamb\u00e9m eu me declararei em favor dele diante do meu Pai que est\u00e1 nos c\u00e9us.<br>33 Aquele, por\u00e9m, que me negar diante dos homens, tamb\u00e9m eu o negarei diante do meu Pai que est\u00e1 nos c\u00e9us.<\/p>\n\n\n\n<p class=\"has-vivid-red-color has-text-color\">Palavra da Salva\u00e7\u00e3o.<\/p>\n","protected":false},"excerpt":{"rendered":"<p>Nada h\u00e1 de encoberto que n\u00e3o seja revelado.<\/p>\n","protected":false},"author":1,"featured_media":2908,"comment_status":"closed","ping_status":"closed","sticky":false,"template":"","format":"standard","meta":{"_et_pb_use_builder":"off","_et_pb_old_content":"","_et_gb_content_width":"1200","footnotes":""},"categories":[106],"tags":[],"class_list":["post-2907","post","type-post","status-publish","format-standard","has-post-thumbnail","hentry","category-evangelho-do-domingo"],"_links":{"self":[{"href":"https:\/\/franciscanas.org\/portal\/brasil\/wp-json\/wp\/v2\/posts\/2907","targetHints":{"allow":["GET"]}}],"collection":[{"href":"https:\/\/franciscanas.org\/portal\/brasil\/wp-json\/wp\/v2\/posts"}],"about":[{"href":"https:\/\/franciscanas.org\/portal\/brasil\/wp-json\/wp\/v2\/types\/post"}],"author":[{"embeddable":true,"href":"https:\/\/franciscanas.org\/portal\/brasil\/wp-json\/wp\/v2\/users\/1"}],"replies":[{"embeddable":true,"href":"https:\/\/franciscanas.org\/portal\/brasil\/wp-json\/wp\/v2\/comments?post=2907"}],"version-history":[{"count":2,"href":"https:\/\/franciscanas.org\/portal\/brasil\/wp-json\/wp\/v2\/posts\/2907\/revisions"}],"predecessor-version":[{"id":2921,"href":"https:\/\/franciscanas.org\/portal\/brasil\/wp-json\/wp\/v2\/posts\/2907\/revisions\/2921"}],"wp:featuredmedia":[{"embeddable":true,"href":"https:\/\/franciscanas.org\/portal\/brasil\/wp-json\/wp\/v2\/media\/2908"}],"wp:attachment":[{"href":"https:\/\/franciscanas.org\/portal\/brasil\/wp-json\/wp\/v2\/media?parent=2907"}],"wp:term":[{"taxonomy":"category","embeddable":true,"href":"https:\/\/franciscanas.org\/portal\/brasil\/wp-json\/wp\/v2\/categories?post=2907"},{"taxonomy":"post_tag","embeddable":true,"href":"https:\/\/franciscanas.org\/portal\/brasil\/wp-json\/wp\/v2\/tags?post=2907"}],"curies":[{"name":"wp","href":"https:\/\/api.w.org\/{rel}","templated":true}]}}