{"id":2836,"date":"2023-06-16T08:30:00","date_gmt":"2023-06-16T11:30:00","guid":{"rendered":"https:\/\/franciscanas.org\/portal\/brasil\/?p=2836"},"modified":"2023-06-17T11:04:26","modified_gmt":"2023-06-17T14:04:26","slug":"11o-domingo-do-tempo-comum","status":"publish","type":"post","link":"https:\/\/franciscanas.org\/portal\/brasil\/evangelho-do-domingo\/11o-domingo-do-tempo-comum\/","title":{"rendered":"11\u00ba Domingo do Tempo Comum"},"content":{"rendered":"\n<p class=\"has-vivid-red-color has-text-color\"><strong>EVANGELHO<\/strong> de Mateus 9, 36 &#8211; 10,8<\/p>\n\n\n\n<p>Naquele tempo,<br>36 Vendo Jesus as multid\u00f5es, compadeceu-se delas,<br>porque estavam cansadas e abatidas, como ovelhas que n\u00e3o t\u00eam pastor. Ent\u00e3o disse a seus disc\u00edpulos: 37 &#8220;A Messe \u00e9 grande, mas os trabalhadores s\u00e3o poucos.<br>38 Pedi pois ao dono da messe que envie trabalhadores para a sua colheita!&#8221;<br>10,1 Jesus chamou os doze disc\u00edpulos e deu-lhes poder para expulsarem os esp\u00edritos maus e para curarem todo tipo de doen\u00e7a e enfermidade.<br>2 Estes s\u00e3o os nomes dos doze ap\u00f3stolos: primeiro, Sim\u00e3o chamado Pedro, e Andr\u00e9, seu irm\u00e3o; Tiago, filho de Zebedeu, e seu irm\u00e3o Jo\u00e3o;<br>3 Filipe e Bartolomeu; Tom\u00e9 e Mateus, o cobrador de impostos; Tiago, filho de Alfeu, e Tadeu;<br>4 Sim\u00e3o, o Zelota, e Judas Iscariotes, que foi o traidor de Jesus.<br>5 Jesus enviou estes Doze, com as seguintes recomenda\u00e7\u00f5es: &#8220;N\u00e3o deveis ir aonde moram os pag\u00e3os, nem entrar nas cidades dos samaritanos!<br>6 Ide, antes, \u00e0s ovelhas perdidas da casa de Israel!<br>7 Em vosso caminho, anunciai: &#8216;O Reino dos C\u00e9us est\u00e1 pr\u00f3ximo&#8217;.<br>8 Curai os doentes, ressuscitai os mortos, purificai os leprosos, expulsai os dem\u00f4nios. De gra\u00e7a recebestes, de gra\u00e7a deveis dar!&#8221;<\/p>\n\n\n\n<p class=\"has-vivid-red-color has-text-color\">Palavra da Salva\u00e7\u00e3<strong>o.<\/strong><\/p>\n","protected":false},"excerpt":{"rendered":"<p>&#8220;A Messe \u00e9 grande, mas os trabalhadores s\u00e3o poucos. Pedi pois ao dono da messe que envie trabalhadores para a sua colheita!&#8221;<\/p>\n","protected":false},"author":1,"featured_media":2838,"comment_status":"closed","ping_status":"closed","sticky":false,"template":"","format":"standard","meta":{"_et_pb_use_builder":"off","_et_pb_old_content":"","_et_gb_content_width":"1200","footnotes":""},"categories":[106],"tags":[],"class_list":["post-2836","post","type-post","status-publish","format-standard","has-post-thumbnail","hentry","category-evangelho-do-domingo"],"_links":{"self":[{"href":"https:\/\/franciscanas.org\/portal\/brasil\/wp-json\/wp\/v2\/posts\/2836","targetHints":{"allow":["GET"]}}],"collection":[{"href":"https:\/\/franciscanas.org\/portal\/brasil\/wp-json\/wp\/v2\/posts"}],"about":[{"href":"https:\/\/franciscanas.org\/portal\/brasil\/wp-json\/wp\/v2\/types\/post"}],"author":[{"embeddable":true,"href":"https:\/\/franciscanas.org\/portal\/brasil\/wp-json\/wp\/v2\/users\/1"}],"replies":[{"embeddable":true,"href":"https:\/\/franciscanas.org\/portal\/brasil\/wp-json\/wp\/v2\/comments?post=2836"}],"version-history":[{"count":2,"href":"https:\/\/franciscanas.org\/portal\/brasil\/wp-json\/wp\/v2\/posts\/2836\/revisions"}],"predecessor-version":[{"id":2839,"href":"https:\/\/franciscanas.org\/portal\/brasil\/wp-json\/wp\/v2\/posts\/2836\/revisions\/2839"}],"wp:featuredmedia":[{"embeddable":true,"href":"https:\/\/franciscanas.org\/portal\/brasil\/wp-json\/wp\/v2\/media\/2838"}],"wp:attachment":[{"href":"https:\/\/franciscanas.org\/portal\/brasil\/wp-json\/wp\/v2\/media?parent=2836"}],"wp:term":[{"taxonomy":"category","embeddable":true,"href":"https:\/\/franciscanas.org\/portal\/brasil\/wp-json\/wp\/v2\/categories?post=2836"},{"taxonomy":"post_tag","embeddable":true,"href":"https:\/\/franciscanas.org\/portal\/brasil\/wp-json\/wp\/v2\/tags?post=2836"}],"curies":[{"name":"wp","href":"https:\/\/api.w.org\/{rel}","templated":true}]}}