{"id":2834,"date":"2023-06-09T20:30:00","date_gmt":"2023-06-09T23:30:00","guid":{"rendered":"https:\/\/franciscanas.org\/portal\/brasil\/?p=2834"},"modified":"2023-06-17T11:12:21","modified_gmt":"2023-06-17T14:12:21","slug":"10o-domingo-do-tempo-comum","status":"publish","type":"post","link":"https:\/\/franciscanas.org\/portal\/brasil\/evangelho-do-domingo\/10o-domingo-do-tempo-comum\/","title":{"rendered":"10\u00ba Domingo do Tempo Comum"},"content":{"rendered":"\n<p class=\"has-vivid-red-color has-text-color\"><strong>EVANGELHO<\/strong> de Mateus 9, 9-13<\/p>\n\n\n\n<p>Naquele tempo:<br>9 Partindo dali, Jesus viu um homem chamado Mateus, sentado na coletoria de impostos,<br>e disse-lhe: &#8220;Segue-me!&#8221; Ele se levantou e seguiu a Jesus.<br>10 Enquanto Jesus estava \u00e0 mesa, em casa de Mateus, vieram muitos cobradores de impostos e pecadores e sentaram-se \u00e0 mesa com Jesus e seus disc\u00edpulos.<br>11 Alguns fariseus viram isso e perguntaram aos disc\u00edpulos: &#8220;Por que vosso mestre come<br>com os cobradores de impostos e pecadores?&#8221;<br>12 Jesus ouviu a pergunta e respondeu: &#8220;Aqueles que t\u00eam sa\u00fade n\u00e3o precisam de m\u00e9dico, mas sim os doentes.<br>13 Aprendei, pois, o que significa: &#8216;Quero miseric\u00f3rdia e n\u00e3o sacrif\u00edcio&#8217;. De fato, eu n\u00e3o vim para chamar os justos, mas os pecadores&#8221;.<\/p>\n\n\n\n<p class=\"has-vivid-red-color has-text-color\">Palavra da Salva\u00e7\u00e3o.<\/p>\n","protected":false},"excerpt":{"rendered":"<p>EVANGELHO de Mateus 9, 9-13 Naquele tempo:9 Partindo dali, Jesus viu um homem chamado Mateus, sentado na coletoria de impostos,e disse-lhe: &#8220;Segue-me!&#8221; Ele se levantou e seguiu a Jesus.10 Enquanto Jesus estava \u00e0 mesa, em casa de Mateus, vieram muitos cobradores de impostos e pecadores e sentaram-se \u00e0 mesa com Jesus e seus disc\u00edpulos.11 Alguns [&hellip;]<\/p>\n","protected":false},"author":1,"featured_media":2840,"comment_status":"closed","ping_status":"closed","sticky":false,"template":"","format":"standard","meta":{"_et_pb_use_builder":"off","_et_pb_old_content":"","_et_gb_content_width":"1200","footnotes":""},"categories":[106],"tags":[],"class_list":["post-2834","post","type-post","status-publish","format-standard","has-post-thumbnail","hentry","category-evangelho-do-domingo"],"_links":{"self":[{"href":"https:\/\/franciscanas.org\/portal\/brasil\/wp-json\/wp\/v2\/posts\/2834","targetHints":{"allow":["GET"]}}],"collection":[{"href":"https:\/\/franciscanas.org\/portal\/brasil\/wp-json\/wp\/v2\/posts"}],"about":[{"href":"https:\/\/franciscanas.org\/portal\/brasil\/wp-json\/wp\/v2\/types\/post"}],"author":[{"embeddable":true,"href":"https:\/\/franciscanas.org\/portal\/brasil\/wp-json\/wp\/v2\/users\/1"}],"replies":[{"embeddable":true,"href":"https:\/\/franciscanas.org\/portal\/brasil\/wp-json\/wp\/v2\/comments?post=2834"}],"version-history":[{"count":1,"href":"https:\/\/franciscanas.org\/portal\/brasil\/wp-json\/wp\/v2\/posts\/2834\/revisions"}],"predecessor-version":[{"id":2835,"href":"https:\/\/franciscanas.org\/portal\/brasil\/wp-json\/wp\/v2\/posts\/2834\/revisions\/2835"}],"wp:featuredmedia":[{"embeddable":true,"href":"https:\/\/franciscanas.org\/portal\/brasil\/wp-json\/wp\/v2\/media\/2840"}],"wp:attachment":[{"href":"https:\/\/franciscanas.org\/portal\/brasil\/wp-json\/wp\/v2\/media?parent=2834"}],"wp:term":[{"taxonomy":"category","embeddable":true,"href":"https:\/\/franciscanas.org\/portal\/brasil\/wp-json\/wp\/v2\/categories?post=2834"},{"taxonomy":"post_tag","embeddable":true,"href":"https:\/\/franciscanas.org\/portal\/brasil\/wp-json\/wp\/v2\/tags?post=2834"}],"curies":[{"name":"wp","href":"https:\/\/api.w.org\/{rel}","templated":true}]}}