{"id":2811,"date":"2023-06-06T06:00:00","date_gmt":"2023-06-06T09:00:00","guid":{"rendered":"https:\/\/franciscanas.org\/portal\/brasil\/?p=2811"},"modified":"2023-06-09T11:53:32","modified_gmt":"2023-06-09T14:53:32","slug":"el-colegio-biffi-celebro-125-anos-de-mision-educativa-en-la-ciudad-de-cartagena-de-indias","status":"publish","type":"post","link":"https:\/\/franciscanas.org\/portal\/brasil\/noticias\/el-colegio-biffi-celebro-125-anos-de-mision-educativa-en-la-ciudad-de-cartagena-de-indias\/","title":{"rendered":"O Col\u00e9gio Biffi comemorou 125 anos de miss\u00e3o educativa na cidade de Cartagena das \u00cdndias"},"content":{"rendered":"\n<p>Na \u00faltima sexta-feira, 19 de maio de 2023, o Col\u00e9gio Biffi celebrou seus 125 anos de miss\u00e3o educativa na cidade de Cartagena das \u00cdndias, com uma Eucaristia em homenagem \u00e0 fundadora da Congrega\u00e7\u00e3o das Irm\u00e3s Franciscanas Mission\u00e1rias de Maria Auxiliadora, Santa Maria Bernarda B\u00fctler, que animou tamb\u00e9m a funda\u00e7\u00e3o deste col\u00e9gio.<\/p>\n\n\n\n<p>Esta celebra\u00e7\u00e3o contou com a presen\u00e7a de convidados especiais como Monsenhor Francisco Javier Munera, Arcebispo de Cartagena, sacerdotes, entidades governamentais, reitores de institui\u00e7\u00f5es educativas, meios de comunica\u00e7\u00e3o, pais e ex-alunos.<\/p>\n\n\n\n<p>Durante a comemora\u00e7\u00e3o, o governo do departamento, a cargo da governadora interina Sandra Schmalbach, reconheceu a trajet\u00f3ria da institui\u00e7\u00e3o de ensino. \u201cAgrade\u00e7o \u00e0 Escola Biffi por sua contribui\u00e7\u00e3o para a excel\u00eancia acad\u00eamica e educa\u00e7\u00e3o em valores para as crian\u00e7as e adolescentes do departamento e do pa\u00eds\u201d, disse Schmalbach.<\/p>\n\n\n\n<p>Depois da Eucaristia e dos atos formais, Ir. Mar\u00eda \u00c1ngela Tovar Marquin, Reitora do Col\u00e9gio Biffi, inaugurou a Linha do Tempo 125 anos, uma exposi\u00e7\u00e3o fotogr\u00e1fica realizada em agradecimento a todas as pessoas que contribu\u00edram para a hist\u00f3ria do estabelecimento educativo: irm\u00e3s franciscanas, diretores, administradores, alunos, pais da fam\u00edlia e ex-alunos.<\/p>\n\n\n\n<p>\u201cEste trabalho foi realizado em homenagem e gratid\u00e3o \u00e0s Irm\u00e3s da Congrega\u00e7\u00e3o e a todas as pessoas que fizeram parte da nossa comunidade educativa e que colaboraram com tenacidade e sentido de perten\u00e7a para o crescimento desta obra\u201d &#8211; disse a Irm\u00e3 Maria \u00c2ngela Tovar.<\/p>\n\n\n\n<p><\/p>\n\n\n\n<iframe loading=\"lazy\" width=\"800\" height=\"600\" src=\"https:\/\/www.youtube.com\/embed\/C0LAQo-3vGw\" title=\"YouTube video player\" frameborder=\"0\" allow=\"accelerometer; autoplay; clipboard-write; encrypted-media; gyroscope; picture-in-picture; web-share\" allowfullscreen><\/iframe>\n\n\n\n<p><\/p>\n\n\n\n<figure class=\"wp-block-gallery has-nested-images columns-2 is-cropped wp-block-gallery-1 is-layout-flex wp-block-gallery-is-layout-flex\">\n<figure class=\"wp-block-image size-large\"><img loading=\"lazy\" decoding=\"async\" width=\"900\" height=\"600\" data-id=\"2814\" src=\"https:\/\/franciscanas.org\/portal\/brasil\/wp-content\/uploads\/sites\/5\/2023\/06\/biffi12501.jpg\" alt=\"\" class=\"wp-image-2814\" srcset=\"https:\/\/franciscanas.org\/portal\/brasil\/wp-content\/uploads\/sites\/5\/2023\/06\/biffi12501.jpg 900w, https:\/\/franciscanas.org\/portal\/brasil\/wp-content\/uploads\/sites\/5\/2023\/06\/biffi12501-480x320.jpg 480w\" sizes=\"(min-width: 0px) and (max-width: 480px) 480px, (min-width: 481px) 900px, 100vw\" \/><\/figure>\n\n\n\n<figure class=\"wp-block-image size-large\"><img loading=\"lazy\" decoding=\"async\" width=\"900\" height=\"600\" data-id=\"2816\" src=\"https:\/\/franciscanas.org\/portal\/brasil\/wp-content\/uploads\/sites\/5\/2023\/06\/biffi12503.jpg\" alt=\"\" class=\"wp-image-2816\" srcset=\"https:\/\/franciscanas.org\/portal\/brasil\/wp-content\/uploads\/sites\/5\/2023\/06\/biffi12503.jpg 900w, https:\/\/franciscanas.org\/portal\/brasil\/wp-content\/uploads\/sites\/5\/2023\/06\/biffi12503-480x320.jpg 480w\" sizes=\"(min-width: 0px) and (max-width: 480px) 480px, (min-width: 481px) 900px, 100vw\" \/><\/figure>\n\n\n\n<figure class=\"wp-block-image size-large\"><img loading=\"lazy\" decoding=\"async\" width=\"900\" height=\"600\" data-id=\"2813\" src=\"https:\/\/franciscanas.org\/portal\/brasil\/wp-content\/uploads\/sites\/5\/2023\/06\/biffi12504.jpg\" alt=\"\" class=\"wp-image-2813\" srcset=\"https:\/\/franciscanas.org\/portal\/brasil\/wp-content\/uploads\/sites\/5\/2023\/06\/biffi12504.jpg 900w, https:\/\/franciscanas.org\/portal\/brasil\/wp-content\/uploads\/sites\/5\/2023\/06\/biffi12504-480x320.jpg 480w\" sizes=\"(min-width: 0px) and (max-width: 480px) 480px, (min-width: 481px) 900px, 100vw\" \/><\/figure>\n\n\n\n<figure class=\"wp-block-image size-large\"><img loading=\"lazy\" decoding=\"async\" width=\"900\" height=\"600\" data-id=\"2815\" src=\"https:\/\/franciscanas.org\/portal\/brasil\/wp-content\/uploads\/sites\/5\/2023\/06\/biffi12505.jpg\" alt=\"\" class=\"wp-image-2815\" srcset=\"https:\/\/franciscanas.org\/portal\/brasil\/wp-content\/uploads\/sites\/5\/2023\/06\/biffi12505.jpg 900w, https:\/\/franciscanas.org\/portal\/brasil\/wp-content\/uploads\/sites\/5\/2023\/06\/biffi12505-480x320.jpg 480w\" sizes=\"(min-width: 0px) and (max-width: 480px) 480px, (min-width: 481px) 900px, 100vw\" \/><\/figure>\n<\/figure>\n\n\n\n<p><\/p>\n\n\n\n<p><\/p>\n","protected":false},"excerpt":{"rendered":"<p>Esta celebra\u00e7\u00e3o contou com a presen\u00e7a de convidados especiais como Monsenhor Francisco Javier Munera, Arcebispo de Cartagena, sacerdotes, entidades governamentais, reitores de institui\u00e7\u00f5es educativas, meios de comunica\u00e7\u00e3o, pais e ex-alunos.<\/p>\n","protected":false},"author":1,"featured_media":2812,"comment_status":"closed","ping_status":"closed","sticky":false,"template":"","format":"standard","meta":{"_et_pb_use_builder":"off","_et_pb_old_content":"","_et_gb_content_width":"1200","footnotes":""},"categories":[8],"tags":[],"class_list":["post-2811","post","type-post","status-publish","format-standard","has-post-thumbnail","hentry","category-noticias"],"_links":{"self":[{"href":"https:\/\/franciscanas.org\/portal\/brasil\/wp-json\/wp\/v2\/posts\/2811","targetHints":{"allow":["GET"]}}],"collection":[{"href":"https:\/\/franciscanas.org\/portal\/brasil\/wp-json\/wp\/v2\/posts"}],"about":[{"href":"https:\/\/franciscanas.org\/portal\/brasil\/wp-json\/wp\/v2\/types\/post"}],"author":[{"embeddable":true,"href":"https:\/\/franciscanas.org\/portal\/brasil\/wp-json\/wp\/v2\/users\/1"}],"replies":[{"embeddable":true,"href":"https:\/\/franciscanas.org\/portal\/brasil\/wp-json\/wp\/v2\/comments?post=2811"}],"version-history":[{"count":6,"href":"https:\/\/franciscanas.org\/portal\/brasil\/wp-json\/wp\/v2\/posts\/2811\/revisions"}],"predecessor-version":[{"id":2831,"href":"https:\/\/franciscanas.org\/portal\/brasil\/wp-json\/wp\/v2\/posts\/2811\/revisions\/2831"}],"wp:featuredmedia":[{"embeddable":true,"href":"https:\/\/franciscanas.org\/portal\/brasil\/wp-json\/wp\/v2\/media\/2812"}],"wp:attachment":[{"href":"https:\/\/franciscanas.org\/portal\/brasil\/wp-json\/wp\/v2\/media?parent=2811"}],"wp:term":[{"taxonomy":"category","embeddable":true,"href":"https:\/\/franciscanas.org\/portal\/brasil\/wp-json\/wp\/v2\/categories?post=2811"},{"taxonomy":"post_tag","embeddable":true,"href":"https:\/\/franciscanas.org\/portal\/brasil\/wp-json\/wp\/v2\/tags?post=2811"}],"curies":[{"name":"wp","href":"https:\/\/api.w.org\/{rel}","templated":true}]}}