{"id":2793,"date":"2023-06-02T20:30:00","date_gmt":"2023-06-02T23:30:00","guid":{"rendered":"https:\/\/franciscanas.org\/portal\/brasil\/?p=2793"},"modified":"2023-06-01T11:09:23","modified_gmt":"2023-06-01T14:09:23","slug":"santissima-trindade","status":"publish","type":"post","link":"https:\/\/franciscanas.org\/portal\/brasil\/evangelho-do-domingo\/santissima-trindade\/","title":{"rendered":"Sant\u00edssima Trindade"},"content":{"rendered":"\n<p class=\"has-vivid-red-color has-text-color\"><strong>EVANGELHO<\/strong> de Jo\u00e3o 3,16-18<\/p>\n\n\n\n<p>16 Deus amou tanto o mundo, que deu o seu Filho Unig\u00eanito, para que n\u00e3o morra todo o que nele crer,<br>mas tenha a vida eterna.<br>17 De fato, Deus n\u00e3o enviou o seu Filho ao mundo<br>para condenar o mundo, mas para que o mundo seja salvo por ele.<br>18 Quem nele cr\u00ea, n\u00e3o \u00e9 condenado, mas quem n\u00e3o cr\u00ea, j\u00e1 est\u00e1 condenado, porque n\u00e3o acreditou no nome do Filho Unig\u00eanito.<\/p>\n\n\n\n<p class=\"has-vivid-red-color has-text-color\">Palavra da Salva\u00e7\u00e3o.<\/p>\n\n\n\n<p><\/p>\n\n\n\n<p><\/p>\n\n\n\n<p><\/p>\n","protected":false},"excerpt":{"rendered":"<p>Deus amou tanto o mundo, que deu o seu Filho Unig\u00eanito.<\/p>\n","protected":false},"author":1,"featured_media":2794,"comment_status":"closed","ping_status":"closed","sticky":false,"template":"","format":"standard","meta":{"_et_pb_use_builder":"off","_et_pb_old_content":"","_et_gb_content_width":"1200","footnotes":""},"categories":[106],"tags":[],"class_list":["post-2793","post","type-post","status-publish","format-standard","has-post-thumbnail","hentry","category-evangelho-do-domingo"],"_links":{"self":[{"href":"https:\/\/franciscanas.org\/portal\/brasil\/wp-json\/wp\/v2\/posts\/2793","targetHints":{"allow":["GET"]}}],"collection":[{"href":"https:\/\/franciscanas.org\/portal\/brasil\/wp-json\/wp\/v2\/posts"}],"about":[{"href":"https:\/\/franciscanas.org\/portal\/brasil\/wp-json\/wp\/v2\/types\/post"}],"author":[{"embeddable":true,"href":"https:\/\/franciscanas.org\/portal\/brasil\/wp-json\/wp\/v2\/users\/1"}],"replies":[{"embeddable":true,"href":"https:\/\/franciscanas.org\/portal\/brasil\/wp-json\/wp\/v2\/comments?post=2793"}],"version-history":[{"count":3,"href":"https:\/\/franciscanas.org\/portal\/brasil\/wp-json\/wp\/v2\/posts\/2793\/revisions"}],"predecessor-version":[{"id":2797,"href":"https:\/\/franciscanas.org\/portal\/brasil\/wp-json\/wp\/v2\/posts\/2793\/revisions\/2797"}],"wp:featuredmedia":[{"embeddable":true,"href":"https:\/\/franciscanas.org\/portal\/brasil\/wp-json\/wp\/v2\/media\/2794"}],"wp:attachment":[{"href":"https:\/\/franciscanas.org\/portal\/brasil\/wp-json\/wp\/v2\/media?parent=2793"}],"wp:term":[{"taxonomy":"category","embeddable":true,"href":"https:\/\/franciscanas.org\/portal\/brasil\/wp-json\/wp\/v2\/categories?post=2793"},{"taxonomy":"post_tag","embeddable":true,"href":"https:\/\/franciscanas.org\/portal\/brasil\/wp-json\/wp\/v2\/tags?post=2793"}],"curies":[{"name":"wp","href":"https:\/\/api.w.org\/{rel}","templated":true}]}}